{"id":20508,"date":"2016-08-15T00:00:55","date_gmt":"2016-08-15T03:00:55","guid":{"rendered":"http:\/\/www.sincomam.org.br\/?p=20508"},"modified":"2016-08-14T21:58:50","modified_gmt":"2016-08-15T00:58:50","slug":"coi-diz-que-rio-2016-cumpriu-o-que-prometeu","status":"publish","type":"post","link":"https:\/\/www.sincomam.org.br\/index.php\/coi-diz-que-rio-2016-cumpriu-o-que-prometeu\/","title":{"rendered":"COI diz que Rio-2016 cumpriu o que prometeu"},"content":{"rendered":"<p>Os organizadores da\u00a0Olimp\u00edadas do Rio\u00a0cumpriram o prometido, afirmou o Comit\u00ea Ol\u00edmpico Internacional (COI) neste domingo, minimizando os persistentes problemas que afetaram os primeiros Jogos da hist\u00f3ria na Am\u00e9rica do Sul.<\/p>\n<p>A Rio-2016 tem enfrentado uma lista aparentemente infinita de problemas com locais de competi\u00e7\u00f5es e infraestrutura, al\u00e9m de incidentes de viol\u00eancia na cidade como o assalto a um grupo de nadadores norte-americanos voltando de uma festa.<\/p>\n<p>Desde o dia da cerim\u00f4nia de abertura, em 5 de agosto, milhares de assentos vazios t\u00eam sido vis\u00edveis em muitos locais de competi\u00e7\u00e3o, apesar de garantias de que eles seriam eventualmente preenchidos, e se locomover em uma cidade com muito tr\u00e2nsito e com alto \u00edndice de crimes tamb\u00e9m foi uma dor de cabe\u00e7a permanente.<\/p>\n<p>Outro problema \u00e9 com a decora\u00e7\u00e3o da cidade com os temas ol\u00edmpicos, praticamente inexistente.<\/p>\n<p>&#8220;Ainda temos um problema com o visual dos Jogos e com a sinaliza\u00e7\u00e3o&#8221;, disse o diretor-executivo dos Jogos Ol\u00edmpicos do COI, Christophe Dubi. &#8220;O que eles enfrentaram \u00e9 uma situa\u00e7\u00e3o muito infeliz&#8221;.<\/p>\n<p>De acordo com os organizadores, empresas terceirizadas n\u00e3o entregaram os cartazes a tempo, e apenas alguns deles est\u00e3o distribu\u00eddos ao redor da cidade, dos locais de competi\u00e7\u00f5es e em outras \u00e1reas ol\u00edmpicas.<\/p>\n<p>A decora\u00e7\u00e3o tamb\u00e9m n\u00e3o apareceu no trajeto da maratona feminina, neste domingo.<\/p>\n<p>&#8220;N\u00e3o foram entregues a tempo e os organizadores tiveram que trocar de fornecedor. Muitas coisas que deveriam ter sido instaladas n\u00e3o foram&#8221;, disse Dubi.<\/p>\n<p>Dubi elogiou os organizadores por terem se adaptado rapidamente \u00e0 situa\u00e7\u00e3o, garantindo a sinaliza\u00e7\u00e3o ol\u00edmpica pelo menos em todos os locais de competi\u00e7\u00e3o, e disse que fizeram a mesma coisa quando apareceram problemas com a cor da \u00e1gua na piscina de saltos e outros problemas.<\/p>\n<p>&#8220;Na metade da Olimp\u00edada, podemos dizer que o Brasil e os cariocas cumpriram o que prometeram&#8221;, disse. &#8220;Se voltarmos no tempo, eles disseram que ter\u00edamos espetaculares locais de competi\u00e7\u00e3o e n\u00f3s tivemos espetaculares locais de competi\u00e7\u00e3o&#8221;.<\/p>\n<p>&#8220;Eles disseram que ter\u00edamos uma nova infraestrutura beneficiando cidad\u00e3os antes dos Jogos, e eles fizeram isso. Disseram que ofereceriam uma &#8216;experi\u00eancia carioca&#8217;, e \u00e9 isso que temos. Estamos onde dever\u00edamos estar na metade dos Jogos&#8221;.<\/p>\n<p>Dubi disse ainda que os novos esportes &#8211;golfe e r\u00fagbi&#8211; foram um sucesso, apesar de p\u00fablicos pequenos nos primeiros dias, e que pa\u00edses como Cingapura, Porto Rico, Vietn\u00e3 e Ilhas Fiji, entre outros, conseguiram suas primeiras medalhas de ouro nesta Olimp\u00edada.<\/p>\n<p>Apesar da aprova\u00e7\u00e3o do COI os problemas n\u00e3o desapareceram. Os organizadores ainda est\u00e3o sofrendo para limpar as duas piscinas do Parque Aqu\u00e1tico Maria Lenk e se livrar da tonalidade verde, pela qual culparam uma empresa terceirizada.<\/p>\n<p>Embora tenham, depois de dias de atraso, finalmente devolvido a cor azul \u00e0 piscina de nado sincronizado, eles ainda n\u00e3o conseguiram fazer o mesmo com a piscina dos saltos.<\/p>\n<p>&#8220;Na piscina de saltos ainda n\u00e3o conseguimos, porque a prioridade \u00e9 o cronograma de competi\u00e7\u00f5es&#8221;, disse o diretor de Comunica\u00e7\u00e3o do Comit\u00ea Rio 2016, Mario Andrada.<\/p>\n<p>&#8220;A \u00e1gua est\u00e1 melhor que ontem, mas talvez precisemos de outro ciclo. Mas eu n\u00e3o acho que precisaremos trocar a \u00e1gua&#8221;.<\/p>\n","protected":false},"excerpt":{"rendered":"<p>Os organizadores da\u00a0Olimp\u00edadas do Rio\u00a0cumpriram o prometido, afirmou o Comit\u00ea Ol\u00edmpico Internacional (COI) neste domingo, minimizando os persistentes problemas que afetaram os primeiros Jogos da&#8230;<\/p>\n","protected":false},"author":1182,"featured_media":18091,"comment_status":"closed","ping_status":"closed","sticky":false,"template":"","format":"standard","meta":{"footnotes":""},"categories":[6],"tags":[],"class_list":["post-20508","post","type-post","status-publish","format-standard","has-post-thumbnail","hentry","category-noticias"],"_links":{"self":[{"href":"https:\/\/www.sincomam.org.br\/index.php\/wp-json\/wp\/v2\/posts\/20508","targetHints":{"allow":["GET"]}}],"collection":[{"href":"https:\/\/www.sincomam.org.br\/index.php\/wp-json\/wp\/v2\/posts"}],"about":[{"href":"https:\/\/www.sincomam.org.br\/index.php\/wp-json\/wp\/v2\/types\/post"}],"author":[{"embeddable":true,"href":"https:\/\/www.sincomam.org.br\/index.php\/wp-json\/wp\/v2\/users\/1182"}],"replies":[{"embeddable":true,"href":"https:\/\/www.sincomam.org.br\/index.php\/wp-json\/wp\/v2\/comments?post=20508"}],"version-history":[{"count":1,"href":"https:\/\/www.sincomam.org.br\/index.php\/wp-json\/wp\/v2\/posts\/20508\/revisions"}],"predecessor-version":[{"id":20509,"href":"https:\/\/www.sincomam.org.br\/index.php\/wp-json\/wp\/v2\/posts\/20508\/revisions\/20509"}],"wp:featuredmedia":[{"embeddable":true,"href":"https:\/\/www.sincomam.org.br\/index.php\/wp-json\/wp\/v2\/media\/18091"}],"wp:attachment":[{"href":"https:\/\/www.sincomam.org.br\/index.php\/wp-json\/wp\/v2\/media?parent=20508"}],"wp:term":[{"taxonomy":"category","embeddable":true,"href":"https:\/\/www.sincomam.org.br\/index.php\/wp-json\/wp\/v2\/categories?post=20508"},{"taxonomy":"post_tag","embeddable":true,"href":"https:\/\/www.sincomam.org.br\/index.php\/wp-json\/wp\/v2\/tags?post=20508"}],"curies":[{"name":"wp","href":"https:\/\/api.w.org\/{rel}","templated":true}]}}