{"id":20505,"date":"2016-08-11T00:40:36","date_gmt":"2016-08-11T03:40:36","guid":{"rendered":"http:\/\/sincomam.org.br\/?p=20505"},"modified":"2016-08-10T15:12:15","modified_gmt":"2016-08-10T18:12:15","slug":"dolar-fraco-derruba-rentabilidade-de-exportacao","status":"publish","type":"post","link":"https:\/\/www.sincomam.org.br\/index.php\/dolar-fraco-derruba-rentabilidade-de-exportacao\/","title":{"rendered":"D\u00f3lar fraco derruba rentabilidade de exporta\u00e7\u00e3o"},"content":{"rendered":"<p>O d\u00f3lar mais barato derrubou a rentabilidade das exporta\u00e7\u00f5es da ind\u00fastria de transforma\u00e7\u00e3o do pa\u00eds no segundo trimestre. Entre abril e junho, os ganhos do setor com as vendas ao exterior encolheram 6,4% na compara\u00e7\u00e3o com o segundo trimestre de 2015, per\u00edodo em que a rentabilidade dos embarques cresceu expressivos 11,6%, conforme dados da Funda\u00e7\u00e3o Centro de Estudos do Com\u00e9rcio Exterior (Funcex).<\/p>\n<p>O real menos competitivo &#8211; e a expectativa de que ele valorize ainda mais em 2017 &#8211; tem levado algumas empresas a rever o horizonte dos contratos que est\u00e3o sendo negociados. Em setores como o cal\u00e7adista, fabricantes j\u00e1 cancelam viagens de prospec\u00e7\u00e3o de novos clientes. Para especialistas, o novo n\u00edvel do c\u00e2mbio, mais pr\u00f3ximo de R$ 3,20 por d\u00f3lar, pode ter impacto negativo sobre o ajuste acelerado que o pa\u00eds vinha fazendo em suas contas externas e coloca em d\u00favida as expectativas de super\u00e1vit para a balan\u00e7a comercial em 2017, atualmente em US$ 50 bilh\u00f5es, segundo as estimativas colhidas pelo boletim Focus, do Banco Central.<\/p>\n<p>Entre 23 segmentos industriais acompanhados pela Funcex, apenas tr\u00eas registraram rentabilidade superior \u00e0 apurada entre abril e junho do ano passado. Ainda no primeiro trimestre deste ano, 18 entre 23 tinham resultados melhores do que no mesmo intervalo do ano anterior. Al\u00e9m da valoriza\u00e7\u00e3o cambial, os ganhos menores tamb\u00e9m s\u00e3o reflexo da redu\u00e7\u00e3o dos pre\u00e7os dos produtos exportados &#8211; uma estrat\u00e9gia usada pelas empresas para manter os clientes l\u00e1 fora.<\/p>\n<p>&#8220;Com esse novo patamar do c\u00e2mbio, a margem para reduzir pre\u00e7os vai ficar cada vez menor&#8221;, pondera Andr\u00e9 Mitidieri, economista da Funcex. Junho, ele destaca, foi o primeiro m\u00eas em 2016 a apurar retra\u00e7\u00e3o no volume de exporta\u00e7\u00f5es, de 7,4% em rela\u00e7\u00e3o ao mesmo per\u00edodo do ano passado. Com o desempenho, o valor dos produtos vendidos ao exterior no primeiro semestre diminuiu 4,3% em rela\u00e7\u00e3o a 2015, ap\u00f3s retra\u00e7\u00e3o de 1,6% no acumulado at\u00e9 maio. No intervalo, o pre\u00e7o dos produtos importados cedeu 14,8% &#8211; uma queda mais branda do que a observada entre janeiro e junho, 16,2% &#8211; e o &#8220;quantum&#8221; avan\u00e7ou 11,9% &#8211; depois de aumentar 17,1% nos cinco primeiros meses.<\/p>\n<p>A tend\u00eancia para o segundo semestre, ele afirma, \u00e9 um quadro mais parecido com o de junho. Em sua avalia\u00e7\u00e3o, o impacto negativo da valoriza\u00e7\u00e3o da moeda pode aparecer j\u00e1 nos indicadores deste ano, com super\u00e1vit da balan\u00e7a menor do que os US$ 50 bilh\u00f5es apontados pelas proje\u00e7\u00f5es colhidas pelo Focus. &#8220;O impacto [do c\u00e2mbio] varia entre os setores, alguns t\u00eam uma margem maior para reduzir pre\u00e7o&#8221;.<\/p>\n<p>Diante da expectativa de que o d\u00f3lar fique ainda mais barato no pr\u00f3ximo ano, as empresas do setor t\u00eaxtil est\u00e3o encurtando o horizonte de planejamento e fechando contratos mais curtos, afirma Fernando Pimentel. diretor-superintendente da Abit, entidade que representa a ind\u00fastria. &#8220;A competitividade n\u00e3o pode depender apenas do c\u00e2mbio, mas ele \u00e9 uma vari\u00e1vel-chave.&#8221; O cen\u00e1rio, afirma Pimentel, \u00e9 ainda mais desafiador porque nenhuma das vari\u00e1veis chega a compensar as perdas impostas pelo d\u00f3lar mais barato. &#8220;Os juros jogam contra, a infla\u00e7\u00e3o, o mercado internacional&#8221;, diz.<\/p>\n<p>A situa\u00e7\u00e3o s\u00f3 n\u00e3o \u00e9 pior, afirma o presidente-executivo da Abical\u00e7ados, Heitor Klein, que representa os cal\u00e7adistas, porque a debilidade do mercado dom\u00e9stico n\u00e3o tem permitido um aumento no volume de importados &#8211; que em anos anteriores tomaram espa\u00e7o da ind\u00fastria nacional no mercado interno.<\/p>\n<p>As empresas que fecharam contrato durante a temporada de feiras no hemisf\u00e9rio norte, em junho, com o c\u00e2mbio m\u00e9dio a R$ 3,50 por d\u00f3lar, est\u00e3o tendo de espremer as margens para cumprir os contratos, afirma. Algumas j\u00e1 cancelaram a participa\u00e7\u00e3o nos eventos do segundo semestre. Com o c\u00e2mbio m\u00e9dio a R$ 3,50, a entidade ainda apostava em crescimento das exporta\u00e7\u00f5es de cal\u00e7ados. &#8220;Agora vai ser uma fa\u00e7anha se conseguirmos empatar com 2015&#8221;, ressalta.<\/p>\n<p>Para Mauro Rochlin, professor de MBAs da Funda\u00e7\u00e3o Getulio Vargas (FGV), se for mantido o cen\u00e1rio atual, a valoriza\u00e7\u00e3o da moeda deve promover uma onda de revis\u00f5es para baixo das estimativas para a balan\u00e7a de 2017, que hoje indicam super\u00e1vit de US$ 50 bilh\u00f5es. &#8220;O ajuste externo foi feito com base no c\u00e2mbio e na recess\u00e3o. Da mesma forma que ele foi rapidamente constru\u00eddo, pode ser rapidamente desfeito&#8221;, avalia.<\/p>\n<p>De um lado, a taxa de juros alta, atraente para o capital especulativo, e a melhora do ambiente pol\u00edtico devem provocar um fluxo de capitais maior para o pa\u00eds e pressionar por uma valoriza\u00e7\u00e3o adicional do real. A atividade, por sua vez, deve ensaiar recupera\u00e7\u00e3o, levando o Produto Interno Bruto (PIB) para campo positivo ap\u00f3s dois anos consecutivos de queda.<\/p>\n<p>Fonte: Valor Econ\u00f4mico<\/p>\n","protected":false},"excerpt":{"rendered":"<p>O d\u00f3lar mais barato derrubou a rentabilidade das exporta\u00e7\u00f5es da ind\u00fastria de transforma\u00e7\u00e3o do pa\u00eds no segundo trimestre. Entre abril e junho, os ganhos do&#8230;<\/p>\n","protected":false},"author":1182,"featured_media":17831,"comment_status":"closed","ping_status":"closed","sticky":false,"template":"","format":"standard","meta":{"footnotes":""},"categories":[6],"tags":[],"class_list":["post-20505","post","type-post","status-publish","format-standard","has-post-thumbnail","hentry","category-noticias"],"_links":{"self":[{"href":"https:\/\/www.sincomam.org.br\/index.php\/wp-json\/wp\/v2\/posts\/20505","targetHints":{"allow":["GET"]}}],"collection":[{"href":"https:\/\/www.sincomam.org.br\/index.php\/wp-json\/wp\/v2\/posts"}],"about":[{"href":"https:\/\/www.sincomam.org.br\/index.php\/wp-json\/wp\/v2\/types\/post"}],"author":[{"embeddable":true,"href":"https:\/\/www.sincomam.org.br\/index.php\/wp-json\/wp\/v2\/users\/1182"}],"replies":[{"embeddable":true,"href":"https:\/\/www.sincomam.org.br\/index.php\/wp-json\/wp\/v2\/comments?post=20505"}],"version-history":[{"count":1,"href":"https:\/\/www.sincomam.org.br\/index.php\/wp-json\/wp\/v2\/posts\/20505\/revisions"}],"predecessor-version":[{"id":20506,"href":"https:\/\/www.sincomam.org.br\/index.php\/wp-json\/wp\/v2\/posts\/20505\/revisions\/20506"}],"wp:featuredmedia":[{"embeddable":true,"href":"https:\/\/www.sincomam.org.br\/index.php\/wp-json\/wp\/v2\/media\/17831"}],"wp:attachment":[{"href":"https:\/\/www.sincomam.org.br\/index.php\/wp-json\/wp\/v2\/media?parent=20505"}],"wp:term":[{"taxonomy":"category","embeddable":true,"href":"https:\/\/www.sincomam.org.br\/index.php\/wp-json\/wp\/v2\/categories?post=20505"},{"taxonomy":"post_tag","embeddable":true,"href":"https:\/\/www.sincomam.org.br\/index.php\/wp-json\/wp\/v2\/tags?post=20505"}],"curies":[{"name":"wp","href":"https:\/\/api.w.org\/{rel}","templated":true}]}}