{"id":20503,"date":"2016-08-11T00:30:28","date_gmt":"2016-08-11T03:30:28","guid":{"rendered":"http:\/\/sincomam.org.br\/?p=20503"},"modified":"2016-08-10T14:57:41","modified_gmt":"2016-08-10T17:57:41","slug":"empresarios-pedem-a-meirelles-simplificacao-de-impostos","status":"publish","type":"post","link":"https:\/\/www.sincomam.org.br\/index.php\/empresarios-pedem-a-meirelles-simplificacao-de-impostos\/","title":{"rendered":"Empres\u00e1rios pedem a Meirelles simplifica\u00e7\u00e3o de impostos"},"content":{"rendered":"<p>\u00a0Empres\u00e1rios defenderam em reuni\u00e3o com o ministro da Fazenda, Henrique Meirelles, a simplifica\u00e7\u00e3o dos impostos no pa\u00eds.<\/p>\n<p>O ministro recebeu em Bras\u00edlia representantes do Instituto Talento Brasil, uma organiza\u00e7\u00e3o que re\u00fane empres\u00e1rios, executivos, acad\u00eamicos, entre outros. Segundo o consultor de gest\u00e3o Vicente Falconi, as empresas t\u00eam custo alto para conseguir pagar os impostos devido \u00e0 complexidade dos tributos.<\/p>\n<p>\u201cUm dos empres\u00e1rios disse que s\u00f3 ele tem 29 mil taxas de imposto [de Circula\u00e7\u00e3o de Mercadorias e Servi\u00e7os]. Cada estado tem uma taxa para cada produto diferente. Tem que ter um quadro enorme de pessoal para cuidar disso tudo\u201d, disse Falconi.<\/p>\n<p>\u201cN\u00e3o houve nenhum pedido de diminui\u00e7\u00e3o de imposto porque a gente sabe que isso \u00e9 imposs\u00edvel. O que a gente deseja \u00e9: mantenha-se o n\u00edvel de impostos, mas simplifique-se\u201d, acrescentou o empres\u00e1rio.<\/p>\n<p>De acordo com Falconi, outro tema tratado na reuni\u00e3o com o ministro foi o projeto que define teto para as despesas federais, al\u00e9m da reforma da Previd\u00eancia.<\/p>\n<p>\u201cO teto vai viabilizar a reforma fiscal, que \u00e9 o que o Brasil precisa no momento. E a reforma da previd\u00eancia\u00e9 uma coisa que vai ter que acontecer\u201d, disse ele, ao sair do Minist\u00e9rio da Fazenda.<\/p>\n<p>Fonte: Exame<\/p>\n","protected":false},"excerpt":{"rendered":"<p>\u00a0Empres\u00e1rios defenderam em reuni\u00e3o com o ministro da Fazenda, Henrique Meirelles, a simplifica\u00e7\u00e3o dos impostos no pa\u00eds. O ministro recebeu em Bras\u00edlia representantes do Instituto&#8230;<\/p>\n","protected":false},"author":1182,"featured_media":17996,"comment_status":"closed","ping_status":"closed","sticky":false,"template":"","format":"standard","meta":{"footnotes":""},"categories":[6],"tags":[],"class_list":["post-20503","post","type-post","status-publish","format-standard","has-post-thumbnail","hentry","category-noticias"],"_links":{"self":[{"href":"https:\/\/www.sincomam.org.br\/index.php\/wp-json\/wp\/v2\/posts\/20503","targetHints":{"allow":["GET"]}}],"collection":[{"href":"https:\/\/www.sincomam.org.br\/index.php\/wp-json\/wp\/v2\/posts"}],"about":[{"href":"https:\/\/www.sincomam.org.br\/index.php\/wp-json\/wp\/v2\/types\/post"}],"author":[{"embeddable":true,"href":"https:\/\/www.sincomam.org.br\/index.php\/wp-json\/wp\/v2\/users\/1182"}],"replies":[{"embeddable":true,"href":"https:\/\/www.sincomam.org.br\/index.php\/wp-json\/wp\/v2\/comments?post=20503"}],"version-history":[{"count":1,"href":"https:\/\/www.sincomam.org.br\/index.php\/wp-json\/wp\/v2\/posts\/20503\/revisions"}],"predecessor-version":[{"id":20504,"href":"https:\/\/www.sincomam.org.br\/index.php\/wp-json\/wp\/v2\/posts\/20503\/revisions\/20504"}],"wp:featuredmedia":[{"embeddable":true,"href":"https:\/\/www.sincomam.org.br\/index.php\/wp-json\/wp\/v2\/media\/17996"}],"wp:attachment":[{"href":"https:\/\/www.sincomam.org.br\/index.php\/wp-json\/wp\/v2\/media?parent=20503"}],"wp:term":[{"taxonomy":"category","embeddable":true,"href":"https:\/\/www.sincomam.org.br\/index.php\/wp-json\/wp\/v2\/categories?post=20503"},{"taxonomy":"post_tag","embeddable":true,"href":"https:\/\/www.sincomam.org.br\/index.php\/wp-json\/wp\/v2\/tags?post=20503"}],"curies":[{"name":"wp","href":"https:\/\/api.w.org\/{rel}","templated":true}]}}