{"id":20492,"date":"2016-08-10T14:40:08","date_gmt":"2016-08-10T17:40:08","guid":{"rendered":"http:\/\/sincomam.org.br\/?p=20492"},"modified":"2016-08-10T14:40:08","modified_gmt":"2016-08-10T17:40:08","slug":"vale-reforca-intencao-de-vender-parte-de-negocios-de-minerio-de-ferro","status":"publish","type":"post","link":"https:\/\/www.sincomam.org.br\/index.php\/vale-reforca-intencao-de-vender-parte-de-negocios-de-minerio-de-ferro\/","title":{"rendered":"Vale refor\u00e7a inten\u00e7\u00e3o de vender parte de neg\u00f3cios de min\u00e9rio de ferro"},"content":{"rendered":"<p>A Vale voltou a informar que est\u00e1 avaliando a venda de parte de seus neg\u00f3cios em min\u00e9rio de ferro e tamb\u00e9m em fertilizantes. A iniciativa \u00e9 parte dos planos da empresa de reduzir sua d\u00edvida l\u00edquida em US$ 10 bilh\u00f5es entre 2016 e 2017. A empresa tamb\u00e9m estuda mudan\u00e7as em seus ativos de energia.<\/p>\n<p>\u201cTem muita discuss\u00e3o sobre venda de uma posi\u00e7\u00e3o societ\u00e1ria em fertilizantes. N\u00f3s estamos analisando algumas possibilidades, mas a ideia \u00e9 que a gente permane\u00e7a com alguma participa\u00e7\u00e3o no neg\u00f3cio, que a gente julga ser importante\u201d, disse Rog\u00e9rio Nogueira, diretor de contabilidade e de rela\u00e7\u00f5es com investidores da Vale, em reuni\u00e3o de Apimec com analistas e investidores realizada hoje em Belo Horizonte.<\/p>\n<p>Em 2015, o neg\u00f3cio gerou para empresa um lucro antes de juros, impostos, deprecia\u00e7\u00e3o e amortiza\u00e7\u00e3o (Ebitda, na sigla em ingl\u00eas) de US$ 570 milh\u00f5es. Neste ano, o cen\u00e1rio mudou um pouco em fun\u00e7\u00e3o da queda dos pre\u00e7os do produto no mercado global.<\/p>\n<p>Hoje, o principal projeto da empresa com fertilizantes \u00e9 em Patroc\u00ednio (MG).<\/p>\n<p>Com rela\u00e7\u00e3o ao principal neg\u00f3cio da Vale, o min\u00e9rio de ferro, Nogueira afirmou, evitando dar detalhes, que a empresa tamb\u00e9m estuda se desfazer de parte de seus ativos. \u201cEstamos olhando alguma coisa poss\u00edvel em min\u00e9rio de ferro\u201d, disse.<\/p>\n<p>O objetivo \u00e9 reduzir a d\u00edvida, que est\u00e1 em US$ 33,1 bilh\u00f5es. \u201cEu diria que nossos ativos s\u00e3o todos muito competitivos\u201d, acrescentou, citando como exemplos o cobre, o n\u00edquel no Canad\u00e1 e o min\u00e9rio de ferro. \u201cTodos t\u00eam valor comercial. A quest\u00e3o \u00e9 como achar uma equa\u00e7\u00e3o que nos permita fazer uma monetiza\u00e7\u00e3o, mas continuar como operador, continuar ditando o futuro desses neg\u00f3cios\u201d, comentou Nogueira.<\/p>\n<p>Outra mudan\u00e7a em estudo se daria nos ativos de energia. N\u00e3o \u00e9 um setor que a empresa tem como principal, mas, por ser uma grande consumidora, faz h\u00e1 tempos investimentos na \u00e1rea. V\u00e1rios desses ativos est\u00e3o hoje na Alian\u00e7a, empresa formada pela Vale e pela Companhia Energ\u00e9tica de Minas Gerais (Cemig).<\/p>\n<p>\u201cN\u00f3s ainda temos alguns ativos fora dessa joint venture\u201d, disse o diretor. \u201cA ideia \u00e9 ter um parceiro, como a Cemig, que \u00e9 um operador, que entenda do neg\u00f3cio. Nossa inten\u00e7\u00e3o \u00e9 ainda trazer ativos que est\u00e3o fora da parceria para um modelo tal qual esse da Cemig, ou mesmo para dentro da pr\u00f3pria Alian\u00e7a\u201d, afirmou.<\/p>\n<p>Fonte:Valor Econ\u00f4mico<\/p>\n","protected":false},"excerpt":{"rendered":"<p>A Vale voltou a informar que est\u00e1 avaliando a venda de parte de seus neg\u00f3cios em min\u00e9rio de ferro e tamb\u00e9m em fertilizantes. A iniciativa&#8230;<\/p>\n","protected":false},"author":1182,"featured_media":18013,"comment_status":"closed","ping_status":"closed","sticky":false,"template":"","format":"standard","meta":{"footnotes":""},"categories":[6],"tags":[],"class_list":["post-20492","post","type-post","status-publish","format-standard","has-post-thumbnail","hentry","category-noticias"],"_links":{"self":[{"href":"https:\/\/www.sincomam.org.br\/index.php\/wp-json\/wp\/v2\/posts\/20492","targetHints":{"allow":["GET"]}}],"collection":[{"href":"https:\/\/www.sincomam.org.br\/index.php\/wp-json\/wp\/v2\/posts"}],"about":[{"href":"https:\/\/www.sincomam.org.br\/index.php\/wp-json\/wp\/v2\/types\/post"}],"author":[{"embeddable":true,"href":"https:\/\/www.sincomam.org.br\/index.php\/wp-json\/wp\/v2\/users\/1182"}],"replies":[{"embeddable":true,"href":"https:\/\/www.sincomam.org.br\/index.php\/wp-json\/wp\/v2\/comments?post=20492"}],"version-history":[{"count":1,"href":"https:\/\/www.sincomam.org.br\/index.php\/wp-json\/wp\/v2\/posts\/20492\/revisions"}],"predecessor-version":[{"id":20493,"href":"https:\/\/www.sincomam.org.br\/index.php\/wp-json\/wp\/v2\/posts\/20492\/revisions\/20493"}],"wp:featuredmedia":[{"embeddable":true,"href":"https:\/\/www.sincomam.org.br\/index.php\/wp-json\/wp\/v2\/media\/18013"}],"wp:attachment":[{"href":"https:\/\/www.sincomam.org.br\/index.php\/wp-json\/wp\/v2\/media?parent=20492"}],"wp:term":[{"taxonomy":"category","embeddable":true,"href":"https:\/\/www.sincomam.org.br\/index.php\/wp-json\/wp\/v2\/categories?post=20492"},{"taxonomy":"post_tag","embeddable":true,"href":"https:\/\/www.sincomam.org.br\/index.php\/wp-json\/wp\/v2\/tags?post=20492"}],"curies":[{"name":"wp","href":"https:\/\/api.w.org\/{rel}","templated":true}]}}