{"id":20490,"date":"2016-08-10T14:38:35","date_gmt":"2016-08-10T17:38:35","guid":{"rendered":"http:\/\/sincomam.org.br\/?p=20490"},"modified":"2016-08-10T14:38:35","modified_gmt":"2016-08-10T17:38:35","slug":"geologos-podem-ir-a-justica-contra-venda-de-area-do-pre-sal","status":"publish","type":"post","link":"https:\/\/www.sincomam.org.br\/index.php\/geologos-podem-ir-a-justica-contra-venda-de-area-do-pre-sal\/","title":{"rendered":"Ge\u00f3logos podem ir \u00e0 Justi\u00e7a contra venda de \u00e1rea do pr\u00e9-sal"},"content":{"rendered":"<p>A Febrageo (Federa\u00e7\u00e3o Brasileira dos Ge\u00f3logos) promete ir \u00e0 Justi\u00e7a para tentar reverter a venda da \u00e1rea de Carcar\u00e1, no pr\u00e9-sal, \u00e0 norueguesa Statoil. A entidade questiona o valor da transa\u00e7\u00e3o, de US$ 2,5 bilh\u00f5es.<\/p>\n<p>A opera\u00e7\u00e3o foi anunciada pela Petrobras no dia 29 de julho, como parte de seu programa de venda de ativos para enfrentar a crise financeira \u2013foi a primeira envolvendo reservas do pr\u00e9-sal.<\/p>\n<p>Metade do valor acordado depende ainda de medidas do governo para regulamentar a anexa\u00e7\u00e3o de uma parte da jazida que est\u00e1 fora da \u00e1rea de concess\u00e3o, em processo conhecido como unitiza\u00e7\u00e3o.<\/p>\n<p>Se chegar aos US$ 2,5 bilh\u00f5es, a Statoil ter\u00e1 pago algo entre US$ 2,91 e US$ 5,41 por barril, dependendo da estimativa de reservas \u2013que varia entre 700 milh\u00f5es e 1,3 bilh\u00e3o de barris. Considerando a m\u00e9dia de 1 bilh\u00e3o, o valor \u00e9 de US$ 3,78 por barril.<\/p>\n<p>A Febrageo destaca que, em 2010, a Petrobras pagou US$ 8,51 por barril para extrair 5 bilh\u00f5es de barris em seis \u00e1reas do pr\u00e9-sal cedidas pelo governo no processo de capitaliza\u00e7\u00e3o da companhia.<\/p>\n<p>&#8220;Pela experi\u00eancia de ge\u00f3logos e especialistas que j\u00e1 trabalharam com o pr\u00e9-sal, a \u00e1rea de Carcar\u00e1 pode ter mais petr\u00f3leo do que o anunciado&#8221;, disse o presidente da Febrageo, Jo\u00e3o C\u00e9sar de Freitas.<\/p>\n<p>Segundo ele, a entidade estuda estrat\u00e9gia para tentar reverter na Justi\u00e7a a opera\u00e7\u00e3o, que chama de &#8220;depreda\u00e7\u00e3o do patrim\u00f4nio dos brasileiros&#8221;.<\/p>\n<p>A Febrageo congrega 18 associa\u00e7\u00f5es profissionais de ge\u00f3logos e os sindicatos da categoria em Minas Gerais e em S\u00e3o Paulo.<\/p>\n<p>&#8220;A m\u00e9dia internacional se situa entre US$ 5 e US$ 8 por barril em transa\u00e7\u00f5es, mas em Carcar\u00e1 n\u00e3o s\u00e3o reservas provadas. Ent\u00e3o, ainda h\u00e1 risco&#8221;, comenta o ge\u00f3logo Pedro Zal\u00e1n, ex-Petrobras, para quem \u00e9 dif\u00edcil definir um valor justo para o neg\u00f3cio.<\/p>\n<p>Em 2011, quando vendeu sua participa\u00e7\u00e3o de 20% no projeto para as brasileiras Queiroz Galv\u00e3o Explora\u00e7\u00e3o e Produ\u00e7\u00e3o e Barra Energia, a Shell recebeu US$ 350 milh\u00f5es \u2013ou US$ 1,75 por barril, considerando 1 bilh\u00e3o de barris em reservas. A opera\u00e7\u00e3o, por\u00e9m, ocorreu antes das principais descobertas na \u00e1rea, realizadas em 2015.<\/p>\n<p>A Petrobras recha\u00e7a a compara\u00e7\u00e3o com os campos da cess\u00e3o onerosa, argumentando que, neste caso, as condi\u00e7\u00f5es tribut\u00e1rias s\u00e3o mais favor\u00e1veis, j\u00e1 que n\u00e3o est\u00e1 prevista a cobran\u00e7a de participa\u00e7\u00e3o especial.<\/p>\n<p>A empresa repete ainda os argumentos de que Carcar\u00e1 \u00e9 uma \u00e1rea isolada e com maior press\u00e3o no reservat\u00f3rio, o que gera maiores custos log\u00edsticos e com equipamentos.<\/p>\n<p>&#8220;O valor de venda de US$ 2,5 bilh\u00f5es representa uma antecipa\u00e7\u00e3o justa de uma receita futura para o caixa no presente&#8221;, conclui.<\/p>\n<p>A Petrobras chegou a enfrentar liminares revertendo a venda da Gaspetro \u00e0 Mitsui no ano passado, mas reverteu as decis\u00f5es. Foi a primeira opera\u00e7\u00e3o do plano de desinvestimento da estatal, no valor de US$ 700 milh\u00f5es.<\/p>\n<p>Investiga\u00e7\u00e3o do Cade pede condena\u00e7\u00e3o da Petrobras por desconto na venda de g\u00e1s<\/p>\n<p>Fonte: Folha S\u00e3o Paulo<\/p>\n","protected":false},"excerpt":{"rendered":"<p>A Febrageo (Federa\u00e7\u00e3o Brasileira dos Ge\u00f3logos) promete ir \u00e0 Justi\u00e7a para tentar reverter a venda da \u00e1rea de Carcar\u00e1, no pr\u00e9-sal, \u00e0 norueguesa Statoil. A&#8230;<\/p>\n","protected":false},"author":1182,"featured_media":19555,"comment_status":"closed","ping_status":"closed","sticky":false,"template":"","format":"standard","meta":{"footnotes":""},"categories":[6],"tags":[],"class_list":["post-20490","post","type-post","status-publish","format-standard","has-post-thumbnail","hentry","category-noticias"],"_links":{"self":[{"href":"https:\/\/www.sincomam.org.br\/index.php\/wp-json\/wp\/v2\/posts\/20490","targetHints":{"allow":["GET"]}}],"collection":[{"href":"https:\/\/www.sincomam.org.br\/index.php\/wp-json\/wp\/v2\/posts"}],"about":[{"href":"https:\/\/www.sincomam.org.br\/index.php\/wp-json\/wp\/v2\/types\/post"}],"author":[{"embeddable":true,"href":"https:\/\/www.sincomam.org.br\/index.php\/wp-json\/wp\/v2\/users\/1182"}],"replies":[{"embeddable":true,"href":"https:\/\/www.sincomam.org.br\/index.php\/wp-json\/wp\/v2\/comments?post=20490"}],"version-history":[{"count":1,"href":"https:\/\/www.sincomam.org.br\/index.php\/wp-json\/wp\/v2\/posts\/20490\/revisions"}],"predecessor-version":[{"id":20491,"href":"https:\/\/www.sincomam.org.br\/index.php\/wp-json\/wp\/v2\/posts\/20490\/revisions\/20491"}],"wp:featuredmedia":[{"embeddable":true,"href":"https:\/\/www.sincomam.org.br\/index.php\/wp-json\/wp\/v2\/media\/19555"}],"wp:attachment":[{"href":"https:\/\/www.sincomam.org.br\/index.php\/wp-json\/wp\/v2\/media?parent=20490"}],"wp:term":[{"taxonomy":"category","embeddable":true,"href":"https:\/\/www.sincomam.org.br\/index.php\/wp-json\/wp\/v2\/categories?post=20490"},{"taxonomy":"post_tag","embeddable":true,"href":"https:\/\/www.sincomam.org.br\/index.php\/wp-json\/wp\/v2\/tags?post=20490"}],"curies":[{"name":"wp","href":"https:\/\/api.w.org\/{rel}","templated":true}]}}