{"id":20486,"date":"2016-08-10T14:32:28","date_gmt":"2016-08-10T17:32:28","guid":{"rendered":"http:\/\/sincomam.org.br\/?p=20486"},"modified":"2016-08-10T14:32:28","modified_gmt":"2016-08-10T17:32:28","slug":"agentes-maritimos-criticam-demora-da-aduana","status":"publish","type":"post","link":"https:\/\/www.sincomam.org.br\/index.php\/agentes-maritimos-criticam-demora-da-aduana\/","title":{"rendered":"Agentes mar\u00edtimos criticam demora da Aduana"},"content":{"rendered":"<p>Agentes mar\u00edtimos reclamam da demora no atendimento na Alf\u00e2ndega do Porto de Santos. Segundo a categoria, isso acontece por conta do reduzido n\u00famero de senhas que s\u00e3o disponibilizadas logo cedo pelo \u00f3rg\u00e3o. H\u00e1 relatos de profissionais que v\u00e3o \u00e0s 7 horas para a fila e, mesmo assim, n\u00e3o conseguem ser atendidos.<\/p>\n<p>De acordo com o diretor-executivo do Sindicato das Ag\u00eancias de Navega\u00e7\u00e3o Mar\u00edtima do Estado de S\u00e3o Paulo (Sindamar), Jos\u00e9 Roque, este \u00e9 um problema recorrente. No entanto, se agravou ap\u00f3s as recentes paralisa\u00e7\u00f5es dos auditores fiscais, que pedem reajuste salarial, entre outros pleitos.<\/p>\n<p>\u201cEst\u00e3o impondo um limite para atendimento ao p\u00fablico e isso est\u00e1 prejudicando o trabalho de muita gente. Navega\u00e7\u00e3o \u00e9 uma coisa din\u00e2mica. Essas limita\u00e7\u00f5es podem prejudicar o importador e, com a greve, as opera\u00e7\u00f5es se acumulam e fica ainda mais dif\u00edcil conseguir cumprir as tarefas\u201d, explicou o representante dos agentes.<\/p>\n<p>Segundo Roque, s\u00e3o v\u00e1rias as reclama\u00e7\u00f5es, mas as empresas preferem se posicionar atrav\u00e9s do Sindicato. Na maioria dos casos, essas senhas s\u00e3o retiradas quando \u00e9 necess\u00e1rio fazer alguma corre\u00e7\u00e3o nos documentos das cargas que integram os processos de libera\u00e7\u00e3o de mercadorias, ou ainda quando existe a necessidade de algum pedido adicional.<\/p>\n<p>\u201c\u00c9 uma situa\u00e7\u00e3o que causa reten\u00e7\u00e3o dos cont\u00eaineres, demora na libera\u00e7\u00e3o das cargas, reclama\u00e7\u00f5es e ainda mais custos operacionais\u201d, explicou o diretor do Sindamar.<\/p>\n<p>Roque explica que o atendimento atrav\u00e9s de senhas foi implantado antes da paralisa\u00e7\u00e3o dos auditores. \u201cImplantaram esse procedimento para facilitar a an\u00e1lise de performance deles, mas isso prejudica, e muito. Falta sensibilidade do Governo Federal na percep\u00e7\u00e3o de que essa atividade gera receita para o Pa\u00eds\u201d, destacou o diretor-executivo.<\/p>\n<p>No semestre passado, considerando o valor das cargas movimentadas tanto na importa\u00e7\u00e3o como na exporta\u00e7\u00e3o, o Porto de Santos operou cerca de 30% da balan\u00e7a comercial brasileira, segundo dados da Companhia Docas do Estado de S\u00e3o Paulo (Codesp), a Autoridade Portu\u00e1ria.<\/p>\n<p><strong>Paralisa\u00e7\u00f5es<\/strong><\/p>\n<p>As paralisa\u00e7\u00f5es dos auditores ficais acontecem sempre \u00e0s ter\u00e7as e quintas-feiras, desde o dia 14 do m\u00eas passado. Nesses dias, apenas 30% dos profissionais ficam dispon\u00edveis para atender os processos de libera\u00e7\u00e3o das cargas do Porto de Santos. Somente produtos considerados essenciais, como medicamentos, insumos hospitalares e animais vivos s\u00e3o liberados.<\/p>\n<p>De acordo com o Sindicato Nacional dos Auditores Fiscais (Sindifisco), j\u00e1 nos outros dias, todos os profissionais trabalham, mas h\u00e1 uma demora maior na libera\u00e7\u00e3o das mercadorias. Isso acontece por conta do grande volume de cargas que se acumulam, o que faz com que o \u00edndice de amostragem aumente.<\/p>\n<p>Estimativas do Sindifisco apontam que, a cada dia de paralisa\u00e7\u00e3o, mil cont\u00eaineres deixam de ser liberados. Com isso, o preju\u00edzo di\u00e1rio chega a R$ 100 milh\u00f5es.<\/p>\n<p>Mas os agentes estimam que o preju\u00edzo seja ainda maior. Segundo eles, por dia de greve, 2 mil cofres de importa\u00e7\u00e3o t\u00eam sua libera\u00e7\u00e3o atrasada. J\u00e1 na exporta\u00e7\u00e3o, s\u00e3o 1,5 mil que deixam de receber o aval dos auditores para seu posterior embarque.<\/p>\n<p><strong>Receita Federal<\/strong><\/p>\n<p>Procurada, a Alf\u00e2ndega do Porto de Santos informou, atrav\u00e9s de sua assessoria de imprensa, que n\u00e3o vai se posicionar sobre a quest\u00e3o. Isso ocorre porque a Receita Federal n\u00e3o comenta a paralisa\u00e7\u00e3o dos auditores.<\/p>\n<p>A Autoridade Aduaneira manteve essa postura mesmo ap\u00f3s ser informado de que a demora no atendimento \u00e9 verificada desde antes do in\u00edcio do movimento grevista.<\/p>\n<p>Fonte: Tribuna<\/p>\n","protected":false},"excerpt":{"rendered":"<p>Agentes mar\u00edtimos reclamam da demora no atendimento na Alf\u00e2ndega do Porto de Santos. Segundo a categoria, isso acontece por conta do reduzido n\u00famero de senhas&#8230;<\/p>\n","protected":false},"author":1182,"featured_media":18814,"comment_status":"closed","ping_status":"closed","sticky":false,"template":"","format":"standard","meta":{"footnotes":""},"categories":[6],"tags":[],"class_list":["post-20486","post","type-post","status-publish","format-standard","has-post-thumbnail","hentry","category-noticias"],"_links":{"self":[{"href":"https:\/\/www.sincomam.org.br\/index.php\/wp-json\/wp\/v2\/posts\/20486","targetHints":{"allow":["GET"]}}],"collection":[{"href":"https:\/\/www.sincomam.org.br\/index.php\/wp-json\/wp\/v2\/posts"}],"about":[{"href":"https:\/\/www.sincomam.org.br\/index.php\/wp-json\/wp\/v2\/types\/post"}],"author":[{"embeddable":true,"href":"https:\/\/www.sincomam.org.br\/index.php\/wp-json\/wp\/v2\/users\/1182"}],"replies":[{"embeddable":true,"href":"https:\/\/www.sincomam.org.br\/index.php\/wp-json\/wp\/v2\/comments?post=20486"}],"version-history":[{"count":1,"href":"https:\/\/www.sincomam.org.br\/index.php\/wp-json\/wp\/v2\/posts\/20486\/revisions"}],"predecessor-version":[{"id":20487,"href":"https:\/\/www.sincomam.org.br\/index.php\/wp-json\/wp\/v2\/posts\/20486\/revisions\/20487"}],"wp:featuredmedia":[{"embeddable":true,"href":"https:\/\/www.sincomam.org.br\/index.php\/wp-json\/wp\/v2\/media\/18814"}],"wp:attachment":[{"href":"https:\/\/www.sincomam.org.br\/index.php\/wp-json\/wp\/v2\/media?parent=20486"}],"wp:term":[{"taxonomy":"category","embeddable":true,"href":"https:\/\/www.sincomam.org.br\/index.php\/wp-json\/wp\/v2\/categories?post=20486"},{"taxonomy":"post_tag","embeddable":true,"href":"https:\/\/www.sincomam.org.br\/index.php\/wp-json\/wp\/v2\/tags?post=20486"}],"curies":[{"name":"wp","href":"https:\/\/api.w.org\/{rel}","templated":true}]}}