{"id":20484,"date":"2016-08-10T14:30:38","date_gmt":"2016-08-10T17:30:38","guid":{"rendered":"http:\/\/sincomam.org.br\/?p=20484"},"modified":"2016-08-10T14:30:38","modified_gmt":"2016-08-10T17:30:38","slug":"meirelles-nega-perda-de-forca-da-equipe-economica","status":"publish","type":"post","link":"https:\/\/www.sincomam.org.br\/index.php\/meirelles-nega-perda-de-forca-da-equipe-economica\/","title":{"rendered":"Meirelles nega perda de for\u00e7a da equipe econ\u00f4mica"},"content":{"rendered":"<p>O ministro da Fazenda, Henrique Meirelles, negou nesta quarta-feira, 10, que a equipe econ\u00f4mica esteja perdendo for\u00e7a no governo ap\u00f3s a aprova\u00e7\u00e3o na ter\u00e7a-feira pela C\u00e2mara dos Deputados do projeto de renegocia\u00e7\u00e3o das d\u00edvidas dos Estados com a Uni\u00e3o sem todas as prerrogativas pretendidas inicialmente por ele.<\/p>\n<p>Meirelles voltou a frisar que o ponto considerado crucial para o ajuste fiscal dos Estados, que \u00e9 o teto para o crescimento dos gastos, foi mantido no texto que segue agora para o Senado.<\/p>\n<p>&#8220;Todo o ajuste fiscal tem como medida central o teto para o aumento do gasto. Essa \u00e9 a contrapartida fundamental. Estamos em trajet\u00f3ria firme e o item fundamento do projeto &#8211; que \u00e9 o teto &#8211; est\u00e1 sendo aprovado&#8221;, argumentou Meirelles. &#8220;O projeto ter\u00e1 sucesso porque mant\u00e9m suas condi\u00e7\u00f5es fundamentais&#8221;, completou.<\/p>\n<p>Questionado pela imprensa, Meirelles voltou a minimizar a retirada pelos parlamentares do dispositivo que proibia aos governos estaduais concederem reajustes de sal\u00e1rios aos servidores pelos pr\u00f3ximos dois anos.<\/p>\n<p>&#8220;Os governadores ter\u00e3o prerrogativa para mandarem projetos de reajuste, desde que caibam no teto de aumento do seus or\u00e7amentos&#8221;, avaliou.<\/p>\n<p>Para o ministro, \u00e9 natural que o Congresso discuta e altere pontos dos projetos enviados pelo Poder Executivo. Segundo ele, isso s\u00f3 n\u00e3o ocorreria em uma ditadura.<\/p>\n<p>&#8220;Vivemos em uma democracia e o Congresso tem prerrogativa para tomar decis\u00f5es. Estamos no caminho certo e vamos continuar participando do debate democr\u00e1tico&#8221;, concluiu.<\/p>\n<p>Fonte: Exame<\/p>\n","protected":false},"excerpt":{"rendered":"<p>O ministro da Fazenda, Henrique Meirelles, negou nesta quarta-feira, 10, que a equipe econ\u00f4mica esteja perdendo for\u00e7a no governo ap\u00f3s a aprova\u00e7\u00e3o na ter\u00e7a-feira pela&#8230;<\/p>\n","protected":false},"author":1182,"featured_media":19487,"comment_status":"closed","ping_status":"closed","sticky":false,"template":"","format":"standard","meta":{"footnotes":""},"categories":[6],"tags":[],"class_list":["post-20484","post","type-post","status-publish","format-standard","has-post-thumbnail","hentry","category-noticias"],"_links":{"self":[{"href":"https:\/\/www.sincomam.org.br\/index.php\/wp-json\/wp\/v2\/posts\/20484","targetHints":{"allow":["GET"]}}],"collection":[{"href":"https:\/\/www.sincomam.org.br\/index.php\/wp-json\/wp\/v2\/posts"}],"about":[{"href":"https:\/\/www.sincomam.org.br\/index.php\/wp-json\/wp\/v2\/types\/post"}],"author":[{"embeddable":true,"href":"https:\/\/www.sincomam.org.br\/index.php\/wp-json\/wp\/v2\/users\/1182"}],"replies":[{"embeddable":true,"href":"https:\/\/www.sincomam.org.br\/index.php\/wp-json\/wp\/v2\/comments?post=20484"}],"version-history":[{"count":1,"href":"https:\/\/www.sincomam.org.br\/index.php\/wp-json\/wp\/v2\/posts\/20484\/revisions"}],"predecessor-version":[{"id":20485,"href":"https:\/\/www.sincomam.org.br\/index.php\/wp-json\/wp\/v2\/posts\/20484\/revisions\/20485"}],"wp:featuredmedia":[{"embeddable":true,"href":"https:\/\/www.sincomam.org.br\/index.php\/wp-json\/wp\/v2\/media\/19487"}],"wp:attachment":[{"href":"https:\/\/www.sincomam.org.br\/index.php\/wp-json\/wp\/v2\/media?parent=20484"}],"wp:term":[{"taxonomy":"category","embeddable":true,"href":"https:\/\/www.sincomam.org.br\/index.php\/wp-json\/wp\/v2\/categories?post=20484"},{"taxonomy":"post_tag","embeddable":true,"href":"https:\/\/www.sincomam.org.br\/index.php\/wp-json\/wp\/v2\/tags?post=20484"}],"curies":[{"name":"wp","href":"https:\/\/api.w.org\/{rel}","templated":true}]}}