{"id":20451,"date":"2016-08-09T08:12:17","date_gmt":"2016-08-09T11:12:17","guid":{"rendered":"http:\/\/www.sincomam.org.br\/?p=20451"},"modified":"2016-08-09T09:01:26","modified_gmt":"2016-08-09T12:01:26","slug":"juiz-federal-libera-manifestacoes-politicas-na-rio-2016","status":"publish","type":"post","link":"https:\/\/www.sincomam.org.br\/index.php\/juiz-federal-libera-manifestacoes-politicas-na-rio-2016\/","title":{"rendered":"Juiz federal libera manifesta\u00e7\u00f5es pol\u00edticas na Rio-2016"},"content":{"rendered":"<p>Um juiz federal do Rio de Janeiro deu uma decis\u00e3o liminar (provis\u00f3ria) na noite desta segunda-feira (8) liberando manifesta\u00e7\u00f5es pol\u00edticas &#8220;pac\u00edficas&#8221; durante a Olimp\u00edada, proibindo a repress\u00e3o e retirada de manifestantes.<\/p>\n<p>A decis\u00e3o \u00e9 do juiz federal substituto Jo\u00e3o Augusto Carneiro Ara\u00fajo, da 12\u00aa Vara Federal do RJ, em resposta a um pedido do Minist\u00e9rio P\u00fablico Federal contra a Uni\u00e3o, o Estado do Rio e o Comit\u00ea Organizador da Rio-2016. Foi proferida \u00e0s 20h31 desta segunda.<\/p>\n<p>Como \u00e9 uma decis\u00e3o liminar de primeira inst\u00e2ncia, ainda cabe recurso a inst\u00e2ncias superiores. Por envolver um tema da Constitui\u00e7\u00e3o, \u00e9 poss\u00edvel que o caso venha a ser analisado pelo STF (Supremo Tribunal Federal).<\/p>\n<p>O Minist\u00e9rio P\u00fablico Federal argumentou que as tr\u00eas entidades t\u00eam adotado a pr\u00e1tica de &#8220;impedir os espectadores dos jogos de exibir cartazes ou usar camisetas com manifesta\u00e7\u00f5es pol\u00edticas nas arenas esportivas, obrigando-os a guardarem os mesmos e, nos piores casos, retirando-os do recinto por agentes da For\u00e7a nacional ou da Pol\u00edcia Militar&#8221;, segundo a decis\u00e3o judicial.<\/p>\n<p>Essa atitude, na opini\u00e3o do Minist\u00e9rio P\u00fablico, passa por cima do princ\u00edpio constitucional da liberdade de express\u00e3o.<\/p>\n<p>Para o juiz Jo\u00e3o Augusto Carneiro Ara\u00fajo, a lei aprovada neste ano que trata das medidas relativas \u00e0 Olimp\u00edada no Brasil n\u00e3o pro\u00edbe &#8220;a manifesta\u00e7\u00e3o pac\u00edfica de cunho pol\u00edtico atrav\u00e9s de cartazes, uso de camisetas e de outros meios l\u00edcitos nos locais oficiais dos Jogos Ol\u00edmpicos&#8221;. Pro\u00edbe apenas manifesta\u00e7\u00f5es de car\u00e1ter racista ou xen\u00f3fobo.<\/p>\n<p>Em sua decis\u00e3o, ele afirma que reprimir as manifesta\u00e7\u00f5es &#8220;afronta o n\u00facleo inviol\u00e1vel do direito fundamental da liberdade de express\u00e3o, a qual deve ser afastada imediatamente&#8221;.<\/p>\n<p>Por isso, o juiz deferiu o pedido do Minist\u00e9rio P\u00fablico Federal para determinar que a Uni\u00e3o, o Estado do Rio e o comit\u00ea organizador da Rio-2016 &#8220;se abstenham, imediatamente, de reprimir manifesta\u00e7\u00f5es pac\u00edficas de cunho pol\u00edtico nos locais oficiais, de retirar do recinto as pessoas que estejam se manifestando pacificamente nestes espa\u00e7os, seja por cartazes, camisetas ou outro meio l\u00edcito permitido durante os Jogos Ol\u00edmpicos e Paraol\u00edmpicos Rio-2016&#8221;.<\/p>\n<p>Na decis\u00e3o, o juiz determinou a intima\u00e7\u00e3o imediata das entidades envolvidas para que tomem conhecimento da orienta\u00e7\u00e3o. Caso haja descumprimento, ficou estabelecida uma multa de R$ 10.000 por cada manifesta\u00e7\u00e3o reprimida, em desacordo com a decis\u00e3o.<\/p>\n<p>Fonte: Folha de SP<\/p>\n","protected":false},"excerpt":{"rendered":"<p>Um juiz federal do Rio de Janeiro deu uma decis\u00e3o liminar (provis\u00f3ria) na noite desta segunda-feira (8) liberando manifesta\u00e7\u00f5es pol\u00edticas &#8220;pac\u00edficas&#8221; durante a Olimp\u00edada, proibindo&#8230;<\/p>\n","protected":false},"author":1182,"featured_media":20452,"comment_status":"closed","ping_status":"closed","sticky":false,"template":"","format":"standard","meta":{"footnotes":""},"categories":[6],"tags":[],"class_list":["post-20451","post","type-post","status-publish","format-standard","has-post-thumbnail","hentry","category-noticias"],"_links":{"self":[{"href":"https:\/\/www.sincomam.org.br\/index.php\/wp-json\/wp\/v2\/posts\/20451","targetHints":{"allow":["GET"]}}],"collection":[{"href":"https:\/\/www.sincomam.org.br\/index.php\/wp-json\/wp\/v2\/posts"}],"about":[{"href":"https:\/\/www.sincomam.org.br\/index.php\/wp-json\/wp\/v2\/types\/post"}],"author":[{"embeddable":true,"href":"https:\/\/www.sincomam.org.br\/index.php\/wp-json\/wp\/v2\/users\/1182"}],"replies":[{"embeddable":true,"href":"https:\/\/www.sincomam.org.br\/index.php\/wp-json\/wp\/v2\/comments?post=20451"}],"version-history":[{"count":1,"href":"https:\/\/www.sincomam.org.br\/index.php\/wp-json\/wp\/v2\/posts\/20451\/revisions"}],"predecessor-version":[{"id":20453,"href":"https:\/\/www.sincomam.org.br\/index.php\/wp-json\/wp\/v2\/posts\/20451\/revisions\/20453"}],"wp:featuredmedia":[{"embeddable":true,"href":"https:\/\/www.sincomam.org.br\/index.php\/wp-json\/wp\/v2\/media\/20452"}],"wp:attachment":[{"href":"https:\/\/www.sincomam.org.br\/index.php\/wp-json\/wp\/v2\/media?parent=20451"}],"wp:term":[{"taxonomy":"category","embeddable":true,"href":"https:\/\/www.sincomam.org.br\/index.php\/wp-json\/wp\/v2\/categories?post=20451"},{"taxonomy":"post_tag","embeddable":true,"href":"https:\/\/www.sincomam.org.br\/index.php\/wp-json\/wp\/v2\/tags?post=20451"}],"curies":[{"name":"wp","href":"https:\/\/api.w.org\/{rel}","templated":true}]}}