{"id":20436,"date":"2016-08-09T08:42:36","date_gmt":"2016-08-09T11:42:36","guid":{"rendered":"http:\/\/www.sincomam.org.br\/?p=20436"},"modified":"2016-08-09T08:42:36","modified_gmt":"2016-08-09T11:42:36","slug":"senado-decide-se-dilma-vai-a-julgamento","status":"publish","type":"post","link":"https:\/\/www.sincomam.org.br\/index.php\/senado-decide-se-dilma-vai-a-julgamento\/","title":{"rendered":"Senado decide se Dilma vai a julgamento"},"content":{"rendered":"<div data-template-placeholder=\"content-placeholder\">\n<p>O plen\u00e1rio do Senado come\u00e7a a debater nesta ter\u00e7a-feira hoje se a presidente afastada Dilma Rousseff (PT) deve ou n\u00e3o ser alvo de julgamento final por crimes de responsabilidade que pode conduzi-la ao impeachment. A sess\u00e3o deve durar cerca de 30 horas. Na pauta est\u00e1 o parecer aprovado pela Comiss\u00e3o Especial do impeachment,\u00a0que defende a continuidade do julgamento contra a petista.\u00a0<\/p>\n<p>Se a maioria simples dos senadores aprovar o parecer, a presidente afastada ir\u00e1 para julgamento final. Caso contr\u00e1rio, o processo \u00e9 arquivado e ela volta \u00e0 presid\u00eancia.\u00a0<\/p>\n<p>\u201cEssa fase \u00e9 decisiva\u201d, diz Pedro Arruda, cientista pol\u00edtico e professor da PUC-SP. \u201c\u00c9 o momento que pode definir se ela ser\u00e1 absolvida ou n\u00e3o\u201d.\u00a0<\/p>\n<p>Na an\u00e1lise de Arruda, o term\u00f4metro pol\u00edtico indica que a presidente afastada n\u00e3o tem for\u00e7a para barrar a vota\u00e7\u00e3o de hoje. No entanto, se ela for para o julgamento final, o cen\u00e1rio \u00a0ainda \u00e9 incerto. \u201c\u00c9 imprevis\u00edvel saber se dois ter\u00e7os da Casa [54 dos 81 senadores] votar\u00e3o a favor da condena\u00e7\u00e3o de Dilma\u201d, afirma o cientista pol\u00edtico.\u00a0<\/p>\n<p>A sess\u00e3o desta ter\u00e7a-feira (9) marca a segunda etapa do processo de impeachment contra a petista e ser\u00e1 comandada pelo presidente do Supremo Tribunal Federal (STF), ministro Ricardo Lewandowski.\u00a0<\/p>\n<p><strong>Vota\u00e7\u00e3o<\/strong><\/p>\n<p>Com a presen\u00e7a de pelo menos 41 senadores em Plen\u00e1rio, o presidente do Senado, Renan Calheiros, abrir\u00e1 a sess\u00e3o e logo em seguida passar\u00e1 o comando para Lewandowski.<\/p>\n<p>O primeiro a falar ser\u00e1 o relator Antonio Anastasia (PSDB-MG), que ter\u00e1 30 minutos para apresentar um resumo do relat\u00f3rio aprovado pela comiss\u00e3o.<\/p>\n<p>A partir da\u00ed, os 80 senadores poder\u00e3o discursar por at\u00e9 10 minutos cada. Em seguida, a acusa\u00e7\u00e3o e a defesa ter\u00e3o at\u00e9 30 minutos para argumenta\u00e7\u00f5es.\u00a0<\/p>\n<p>Antes da vota\u00e7\u00e3o, que ser\u00e1 realizada por meio do painel eletr\u00f4nico, dois senadores favor\u00e1veis ao julgamento de Dilma e dois contr\u00e1rios ter\u00e3o direito a cinco minutos cada para encaminhar voto.<\/p>\n<p>Depois disso, todos dever\u00e3o votar em cada um dos quatro fatos que formam a den\u00fancia: tr\u00eas decretos de cr\u00e9ditos suplementares e as \u201cpedaladas fiscais\u201d.\u00a0<\/p>\n<p>Para ser considerada inocente, Dilma Rousseff precisa ser absolvida de todas as acusa\u00e7\u00f5es.\u00a0<\/p>\n<p><strong>Julgamento final<\/strong><\/p>\n<p>Se aprovado no plen\u00e1rio, o ministro Ricardo Lewandowski marca o dia para o julgamento \u2013 mesmo sem data oficial, a previs\u00e3o do ministro \u00e9 come\u00e7ar no dia 25 de agosto.\u00a0<\/p>\n<p>Nessa etapa, os senadores s\u00e3o chamados ao microfone para responder \u00e0 seguinte quest\u00e3o:\u00a0<em>\u201c<\/em>Cometeu a acusada Dilma Vana Rousseff os crimes que lhe s\u00e3o imputados, e deve ser ela condenada \u00e0 perda de seu cargo e \u00e0 inabilita\u00e7\u00e3o tempor\u00e1ria, por oito anos, para o desempenho de qualquer fun\u00e7\u00e3o p\u00fablica, eletiva ou de nomea\u00e7\u00e3o?\u201d.<\/p>\n<p>Se dois ter\u00e7os responderem sim, Dilma \u00e9 afastada definitivamente do cargo e fica ineleg\u00edvel por oito anos. Se n\u00e3o, ela \u00e9 absolvida das acusa\u00e7\u00f5es e reassume o posto.<\/p>\n<div><\/div>\n<\/div>\n","protected":false},"excerpt":{"rendered":"<p>O plen\u00e1rio do Senado come\u00e7a a debater nesta ter\u00e7a-feira hoje se a presidente afastada Dilma Rousseff (PT) deve ou n\u00e3o ser alvo de julgamento final&#8230;<\/p>\n","protected":false},"author":1182,"featured_media":18128,"comment_status":"closed","ping_status":"closed","sticky":false,"template":"","format":"standard","meta":{"footnotes":""},"categories":[6],"tags":[],"class_list":["post-20436","post","type-post","status-publish","format-standard","has-post-thumbnail","hentry","category-noticias"],"_links":{"self":[{"href":"https:\/\/www.sincomam.org.br\/index.php\/wp-json\/wp\/v2\/posts\/20436","targetHints":{"allow":["GET"]}}],"collection":[{"href":"https:\/\/www.sincomam.org.br\/index.php\/wp-json\/wp\/v2\/posts"}],"about":[{"href":"https:\/\/www.sincomam.org.br\/index.php\/wp-json\/wp\/v2\/types\/post"}],"author":[{"embeddable":true,"href":"https:\/\/www.sincomam.org.br\/index.php\/wp-json\/wp\/v2\/users\/1182"}],"replies":[{"embeddable":true,"href":"https:\/\/www.sincomam.org.br\/index.php\/wp-json\/wp\/v2\/comments?post=20436"}],"version-history":[{"count":1,"href":"https:\/\/www.sincomam.org.br\/index.php\/wp-json\/wp\/v2\/posts\/20436\/revisions"}],"predecessor-version":[{"id":20437,"href":"https:\/\/www.sincomam.org.br\/index.php\/wp-json\/wp\/v2\/posts\/20436\/revisions\/20437"}],"wp:featuredmedia":[{"embeddable":true,"href":"https:\/\/www.sincomam.org.br\/index.php\/wp-json\/wp\/v2\/media\/18128"}],"wp:attachment":[{"href":"https:\/\/www.sincomam.org.br\/index.php\/wp-json\/wp\/v2\/media?parent=20436"}],"wp:term":[{"taxonomy":"category","embeddable":true,"href":"https:\/\/www.sincomam.org.br\/index.php\/wp-json\/wp\/v2\/categories?post=20436"},{"taxonomy":"post_tag","embeddable":true,"href":"https:\/\/www.sincomam.org.br\/index.php\/wp-json\/wp\/v2\/tags?post=20436"}],"curies":[{"name":"wp","href":"https:\/\/api.w.org\/{rel}","templated":true}]}}