{"id":20431,"date":"2016-08-08T00:11:51","date_gmt":"2016-08-08T03:11:51","guid":{"rendered":"http:\/\/www.sincomam.org.br\/?p=20431"},"modified":"2016-08-08T08:13:40","modified_gmt":"2016-08-08T11:13:40","slug":"odebrecht-diz-que-serra-recebeu-r-23-mi-em-caixa-dois","status":"publish","type":"post","link":"https:\/\/www.sincomam.org.br\/index.php\/odebrecht-diz-que-serra-recebeu-r-23-mi-em-caixa-dois\/","title":{"rendered":"Odebrecht diz que Serra recebeu R$ 23 mi em caixa dois"},"content":{"rendered":"<p>Executivos da Odebrecht afirmaram a investigadores da Lava Jato que a campanha de Jos\u00e9 Serra (PSDB-SP) \u00e0 Presid\u00eancia da Rep\u00fablica, em 2010, recebeu R$ 23 milh\u00f5es da empreiteira via caixa dois.\u00a0<\/p>\n<p>De acordo com o jornal, a afirma\u00e7\u00e3o foi feita na semana passada por funcion\u00e1rios da empresa que tentam dela\u00e7\u00e3o premiada. Os executivos disseram que parte do dinheiro foi paga no Brasil e outra parte foi paga por meio de dep\u00f3sitos banc\u00e1rios realizados em contas no exterior.<\/p>\n<p>Ainda segundo a Folha, as conversas fazem parte de entrevistas em que os poss\u00edveis delatores da Lava Jato corroboram as afirma\u00e7\u00f5es de advogados nas negocia\u00e7\u00f5es da dela\u00e7\u00e3o premiada. Por\u00e9m, nenhum acordo oficial foi assinado at\u00e9 o momento.<\/p>\n<p>A Odebrecht dever\u00e1 apresentar extratos banc\u00e1rios de dep\u00f3sitos realizados fora do pa\u00eds com destinat\u00e1ria final a campanha de Serra em 2010 para provar o pagamento de recursos relatado via caixa dois.<\/p>\n<p>Oficialmente, segundo o TSE (Tribunal Superior Eleitoral), a empreiteira doou R$ 2,4 milh\u00f5es em 2010 para o Comit\u00ea Financeiro Nacional para Presidente da Rep\u00fablica de Serra.<\/p>\n<p>Hoje ministro das Rela\u00e7\u00f5es Exteriores, Jos\u00e9 Serra\u00a0afirmou, atrav\u00e9s de nota enviada pela assessoria de imprensa, que sua campanha na disputa pela Presid\u00eancia do Brasil em 2010 foi conduzida de acordo com a legisla\u00e7\u00e3o eleitoral em vigor.<\/p>\n<p>&#8220;A minha campanha foi conduzida na forma da lei e, no que diz respeito \u00e0s finan\u00e7as, era de responsabilidade do partido&#8221;, afirmou Serra em nota enviada ao jornal.<\/p>\n<p>Fonte: Exame<\/p>\n","protected":false},"excerpt":{"rendered":"<p>Executivos da Odebrecht afirmaram a investigadores da Lava Jato que a campanha de Jos\u00e9 Serra (PSDB-SP) \u00e0 Presid\u00eancia da Rep\u00fablica, em 2010, recebeu R$ 23&#8230;<\/p>\n","protected":false},"author":1182,"featured_media":18209,"comment_status":"closed","ping_status":"closed","sticky":false,"template":"","format":"standard","meta":{"footnotes":""},"categories":[6],"tags":[],"class_list":["post-20431","post","type-post","status-publish","format-standard","has-post-thumbnail","hentry","category-noticias"],"_links":{"self":[{"href":"https:\/\/www.sincomam.org.br\/index.php\/wp-json\/wp\/v2\/posts\/20431","targetHints":{"allow":["GET"]}}],"collection":[{"href":"https:\/\/www.sincomam.org.br\/index.php\/wp-json\/wp\/v2\/posts"}],"about":[{"href":"https:\/\/www.sincomam.org.br\/index.php\/wp-json\/wp\/v2\/types\/post"}],"author":[{"embeddable":true,"href":"https:\/\/www.sincomam.org.br\/index.php\/wp-json\/wp\/v2\/users\/1182"}],"replies":[{"embeddable":true,"href":"https:\/\/www.sincomam.org.br\/index.php\/wp-json\/wp\/v2\/comments?post=20431"}],"version-history":[{"count":1,"href":"https:\/\/www.sincomam.org.br\/index.php\/wp-json\/wp\/v2\/posts\/20431\/revisions"}],"predecessor-version":[{"id":20432,"href":"https:\/\/www.sincomam.org.br\/index.php\/wp-json\/wp\/v2\/posts\/20431\/revisions\/20432"}],"wp:featuredmedia":[{"embeddable":true,"href":"https:\/\/www.sincomam.org.br\/index.php\/wp-json\/wp\/v2\/media\/18209"}],"wp:attachment":[{"href":"https:\/\/www.sincomam.org.br\/index.php\/wp-json\/wp\/v2\/media?parent=20431"}],"wp:term":[{"taxonomy":"category","embeddable":true,"href":"https:\/\/www.sincomam.org.br\/index.php\/wp-json\/wp\/v2\/categories?post=20431"},{"taxonomy":"post_tag","embeddable":true,"href":"https:\/\/www.sincomam.org.br\/index.php\/wp-json\/wp\/v2\/tags?post=20431"}],"curies":[{"name":"wp","href":"https:\/\/api.w.org\/{rel}","templated":true}]}}