{"id":20423,"date":"2016-08-08T08:06:16","date_gmt":"2016-08-08T11:06:16","guid":{"rendered":"http:\/\/www.sincomam.org.br\/?p=20423"},"modified":"2016-08-08T08:06:16","modified_gmt":"2016-08-08T11:06:16","slug":"mao-de-obra-qualificada-segue-como-desafio-para-industria-naval-e-offshore","status":"publish","type":"post","link":"https:\/\/www.sincomam.org.br\/index.php\/mao-de-obra-qualificada-segue-como-desafio-para-industria-naval-e-offshore\/","title":{"rendered":"M\u00e3o de obra qualificada segue como desafio para ind\u00fastria naval e offshore"},"content":{"rendered":"<p>A crise pol\u00edtica e econ\u00f4mica do pa\u00eds gerou um cen\u00e1rio de incertezas no mercado de trabalho nacional. Com a ind\u00fastria naval e offshore n\u00e3o foi diferente, n\u00fameros do Sindicato Nacional da Ind\u00fastria da Constru\u00e7\u00e3o e Repara\u00e7\u00e3o Naval e Offshore (SINAVAL) apontam que, do fim de 2014 at\u00e9 fevereiro desse ano, o n\u00famero de empregados no setor teve uma redu\u00e7\u00e3o de mais de 50%. Agora, um dos principais desafios \u00e9 manter a m\u00e3o de obra qualificada para atender as demandas de trabalho frente a uma poss\u00edvel retomada, defendida por especialistas.<\/p>\n<p>Para a diretora de neg\u00f3cios da HAYS Brasil, Vanessa Zehetmeyer, os profissionais do setor precisam estar preparados para quando o mercado voltar \u00e0 tona. \u201cQualifica\u00e7\u00f5es t\u00e9cnicas, certifica\u00e7\u00f5es e ingl\u00eas ser\u00e3o sempre considerados diferenciais\u201d, defende.<\/p>\n<p>Ainda segundo Vanessa, que ser\u00e1 palestrante no Semin\u00e1rio de Recrutamento e Sele\u00e7\u00e3o da Marintec South America 2016, em setembro, o setor \u00e9 c\u00edclico e logo voltar\u00e1 ao normal. \u201cO mercado est\u00e1 de fato retra\u00eddo, por\u00e9m, ainda h\u00e1 muito o que fazer pelo setor no Brasil, o pr\u00e9-sal, o downstream e muitas \u00e1reas para explorar. Teremos uma retomada muito em breve e j\u00e1 vemos o pa\u00eds se movimentando para isso. O pre\u00e7o do barril do petr\u00f3leo, por exemplo, tem tido pequenas recupera\u00e7\u00f5es, o que j\u00e1 traz algumas esperan\u00e7as\u201d.<\/p>\n<p>O gerente de \u00f3leo e g\u00e1s da Michael Page, empresa especializada em recrutamento e sele\u00e7\u00e3o, F\u00e1bio Oliveira, concorda. \u201c\u00c9 muito importante que os profissionais continuem investindo em qualifica\u00e7\u00e3o, pois isso far\u00e1 com que tenham diferenciais para oferecerem ao mercado e, com uma melhora na situa\u00e7\u00e3o atual, os deixar\u00e1 ainda mais capacitados para as oportunidades que surgirem\u201d, pondera.<\/p>\n<p>O diretor do Grupo RINA na Am\u00e9rica do Sul, uma das principais companhias do mercado quando o assunto s\u00e3o treinamentos certificados, Maurizio Nigito, lembra que, infelizmente, os players est\u00e3o sendo for\u00e7ados a se concentrar em redu\u00e7\u00e3o de custos devido a retra\u00e7\u00e3o da economia. Contudo, o executivo defende a qualifica\u00e7\u00e3o como importante investimento por parte das empresas empregadoras. \u201cO treinamento de profissionais \u00e9 de extrema import\u00e2ncia e um fator chave para aumentar o conhecimento e a competitividade de uma companhia. Aqueles que, mesmo em tempos dif\u00edceis, t\u00eam a vis\u00e3o de continuarem investindo em qualifica\u00e7\u00e3o de m\u00e3o de obra, certamente estar\u00e3o \u00e0 frente no mercado\u201d, conclui.<\/p>\n<p>Profissionais do Grupo RINA e da HAYS Brasil estar\u00e3o na 13\u00aa edi\u00e7\u00e3o da Marintec South America, que ocorre entre os dias 19 e 21 de setembro no Centro de Conven\u00e7\u00f5es SulAm\u00e9rica, no Rio de Janeiro (RJ), ministrando cursos e palestras profissionalizantes. Ser\u00e3o abordados temas como a introdu\u00e7\u00e3o \u00e0 classifica\u00e7\u00e3o e certifica\u00e7\u00e3o, introdu\u00e7\u00e3o b\u00e1sica \u00e0s principais inspe\u00e7\u00f5es de Port State Control, a constru\u00e7\u00e3o da empregabilidade, a atual conjuntura do setor de \u00f3leo e g\u00e1s e seus desafios, entre outros. Todos os interessados poder\u00e3o participar dos mesmos, assim como conferir todas as novidades do evento, de forma gratuita. Para isso, basta realizar o credenciamento atrav\u00e9s do site &#8211; https:\/\/marintecsa.com.br\/pt\/credenciamento<\/p>\n<p>Fonte: Segs<\/p>\n","protected":false},"excerpt":{"rendered":"<p>A crise pol\u00edtica e econ\u00f4mica do pa\u00eds gerou um cen\u00e1rio de incertezas no mercado de trabalho nacional. Com a ind\u00fastria naval e offshore n\u00e3o foi&#8230;<\/p>\n","protected":false},"author":1182,"featured_media":17937,"comment_status":"closed","ping_status":"closed","sticky":false,"template":"","format":"standard","meta":{"footnotes":""},"categories":[6],"tags":[],"class_list":["post-20423","post","type-post","status-publish","format-standard","has-post-thumbnail","hentry","category-noticias"],"_links":{"self":[{"href":"https:\/\/www.sincomam.org.br\/index.php\/wp-json\/wp\/v2\/posts\/20423","targetHints":{"allow":["GET"]}}],"collection":[{"href":"https:\/\/www.sincomam.org.br\/index.php\/wp-json\/wp\/v2\/posts"}],"about":[{"href":"https:\/\/www.sincomam.org.br\/index.php\/wp-json\/wp\/v2\/types\/post"}],"author":[{"embeddable":true,"href":"https:\/\/www.sincomam.org.br\/index.php\/wp-json\/wp\/v2\/users\/1182"}],"replies":[{"embeddable":true,"href":"https:\/\/www.sincomam.org.br\/index.php\/wp-json\/wp\/v2\/comments?post=20423"}],"version-history":[{"count":1,"href":"https:\/\/www.sincomam.org.br\/index.php\/wp-json\/wp\/v2\/posts\/20423\/revisions"}],"predecessor-version":[{"id":20424,"href":"https:\/\/www.sincomam.org.br\/index.php\/wp-json\/wp\/v2\/posts\/20423\/revisions\/20424"}],"wp:featuredmedia":[{"embeddable":true,"href":"https:\/\/www.sincomam.org.br\/index.php\/wp-json\/wp\/v2\/media\/17937"}],"wp:attachment":[{"href":"https:\/\/www.sincomam.org.br\/index.php\/wp-json\/wp\/v2\/media?parent=20423"}],"wp:term":[{"taxonomy":"category","embeddable":true,"href":"https:\/\/www.sincomam.org.br\/index.php\/wp-json\/wp\/v2\/categories?post=20423"},{"taxonomy":"post_tag","embeddable":true,"href":"https:\/\/www.sincomam.org.br\/index.php\/wp-json\/wp\/v2\/tags?post=20423"}],"curies":[{"name":"wp","href":"https:\/\/api.w.org\/{rel}","templated":true}]}}