{"id":20393,"date":"2016-08-03T09:12:12","date_gmt":"2016-08-03T12:12:12","guid":{"rendered":"http:\/\/www.sincomam.org.br\/?p=20393"},"modified":"2016-08-03T09:12:12","modified_gmt":"2016-08-03T12:12:12","slug":"e-o-pais-que-esta-em-jogo-diz-ministro-sobre-rio-16","status":"publish","type":"post","link":"https:\/\/www.sincomam.org.br\/index.php\/e-o-pais-que-esta-em-jogo-diz-ministro-sobre-rio-16\/","title":{"rendered":"\u00c9 o pa\u00eds que est\u00e1 em jogo, diz ministro sobre Rio-16"},"content":{"rendered":"<p>Em entrevista, o ministro do Esporte, Leonardo Picciani (PMDB-RJ), minimizou os problemas enfrentados pela organiza\u00e7\u00e3o dos Jogos Ol\u00edmpicos\u00a0do Rio de Janeiro\u00a0faltando poucos dias para a abertura do evento. Para ele, as edi\u00e7\u00f5es passadas tamb\u00e9m foram alvo de pol\u00eamicas e que, apesar das cr\u00edticas, o brasileiro ter\u00e1 muito do que se orgulhar nas pr\u00f3ximas semanas.<\/p>\n<p>\u201cAcredito que a Olimp\u00edada do Rio vai dar um novo f\u00f4lego para o pa\u00eds para a melhora no ambiente internacional\u201d, disse Picciani.\u00a0\u201c\u00c9 importante que a gente mande um recado firme de que enfrentamos os problemas, cumprimos os nossos compromissos e que nossas institui\u00e7\u00f5es funcionam e s\u00e3o s\u00f3lidas\u201d.<\/p>\n<p>Picciani admitiu que, quando chegou ao Minist\u00e9rio do Turismo em maio, n\u00e3o havia um plano de legado ol\u00edmpico. O peemedebista negou, por\u00e9m, que as obras p\u00fablicas virar\u00e3o elefantes brancos, como aconteceu com alguns est\u00e1dios da Copa do Mundo. \u201cN\u00e3o posso garantir, mas agora vamos apresentar um plano para evitar que isso aconte\u00e7a\u201d, pontuou.\u00a0<\/p>\n<p>Veja os principais trechos da entrevista:<\/p>\n<p><strong>O senhor assumiu recentemente o Minist\u00e9rio do Esporte. N\u00e3o foi pouco tempo para assimilar um evento da dimens\u00e3o da Olimp\u00edada?<\/p>\n<p>Leonardo Picciani:<\/strong>\u00a0Ainda que tenha entrado recentemente na pasta, eu conhecia o projeto, sou parlamentar do Rio de Janeiro. Entre 2009 e 2011, fui secret\u00e1rio de Habita\u00e7\u00e3o do estado, durante o governo de S\u00e9rgio Cabral. Na \u00e9poca, a cidade come\u00e7ava a se preparar para receber os Jogos Ol\u00edmpicos. Como deputado e l\u00edder do PMDB, pude participar da aprova\u00e7\u00e3o de muitas das legisla\u00e7\u00f5es que foram aprovadas para a Olimp\u00edada.\u00a0<\/p>\n<p><strong>Muita coisa mudou a partir da sua entrada na pasta?<br \/><\/strong><br \/>N\u00f3s mantivemos grande parte do corpo t\u00e9cnico do minist\u00e9rio que j\u00e1 estava interado do projeto ol\u00edmpico. E isso nos permitiu n\u00e3o ter nenhum sobressalto nessa fase final.<br \/><strong><br \/>Que tipo de problema aparece nos 48 do segundo tempo?<\/strong><\/p>\n<p>A conclus\u00e3o do vel\u00f3dromo atrasou, mas n\u00e3o por culpa do poder p\u00fablico. O que houve \u00e9 que a empresa que ganhou a licita\u00e7\u00e3o estava em recupera\u00e7\u00e3o judicial. A empresa quebrou e n\u00e3o conseguiu concluir a obra. Tivemos que substitu\u00ed-la, mas deu tudo certo apesar do atraso.<\/p>\n<p><strong>N\u00e3o podemos esquecer das cr\u00edticas \u00e0 Vila Ol\u00edmpica por parte de delega\u00e7\u00f5es de outros pa\u00edses e das condi\u00e7\u00f5es do expediente de funcion\u00e1rios em obras da Vila Ol\u00edmpica.<br \/><\/strong><br \/>Sobre a Vila Ol\u00edmpica, \u00e9 preciso entender que \u00e9 um condom\u00ednio com 31 edif\u00edcios, 3.600 apartamentos. Tivemos problemas graves, mas eles est\u00e3o sendo corrigidos. Ocorreu precisamente em 3% dos quartos. O problema mais grave foi com a delega\u00e7\u00e3o da Austr\u00e1lia, mas tudo j\u00e1 est\u00e1 sob controle.\u00a0<br \/><strong><br \/>Outras delega\u00e7\u00f5es reclamaram tamb\u00e9m, ministro.\u00a0<br \/><\/strong><br \/>Foram reclama\u00e7\u00f5es pontuais. Pode ser que algumas necessidades foram subestimadas. O pr\u00f3prio presidente Michel Temer disse que n\u00e3o podemos ficar dividindo responsabilidades. \u00c9 o nome do nosso pa\u00eds que est\u00e1 em jogo. O Comit\u00ea Organizador atendeu prontamente \u00e0s reclama\u00e7\u00f5es da delega\u00e7\u00e3o australiana e eles se instalaram na Vila Ol\u00edmpica no dia seguinte.\u00a0<br \/><strong><br \/>E em rela\u00e7\u00e3o aos trabalhadores que estavam trabalhando exaustivamente e sem contrato tempor\u00e1rio ou carteira assinada?<br \/><\/strong><br \/>N\u00e3o era um caso de tanta gravidade, tanto assim que n\u00e3o se determinou interdi\u00e7\u00e3o, interrup\u00e7\u00e3o dos trabalhos. Foi feita uma notifica\u00e7\u00e3o para que as falhas fossem corrigidas. Foi uma opera\u00e7\u00e3o de rotina que determinou alguns ajustes que devem ser adotados.<\/p>\n<p><strong>O senhor acredita que os Jogos conseguir\u00e3o apagar essas falhas e repercutir bem internamente e no exterior?<\/strong><\/p>\n<p>Todas as edi\u00e7\u00f5es dos Jogos tiveram pol\u00eamicas. O Brasil n\u00e3o ser\u00e1 o primeiro. Acredito que a Olimp\u00edada do Rio vai dar um novo f\u00f4lego para o pa\u00eds para a melhora no ambiente internacional. \u00c9 importante que a gente mande um recado firme de que enfrentamos os problemas, cumprimos os nossos compromissos e que nossas institui\u00e7\u00f5es funcionam e s\u00e3o s\u00f3lidas. O brasileiro, sem d\u00favida, ter\u00e1 muito do que se orgulhar.\u00a0<\/p>\n<p><strong>Tem alguma quest\u00e3o que merece mais aten\u00e7\u00e3o? Seguran\u00e7a p\u00fablica talvez?<br \/><\/strong><br \/>Acredito que todos os assuntos merecem ser tratados com seriedade. Com rela\u00e7\u00e3o \u00e0 seguran\u00e7a p\u00fablica, a cidade est\u00e1 preparada. J\u00e1 recebemos uma s\u00e9rie de megaeventos: desde a visita do Papa Francisco at\u00e9 a Copa do Mundo. Envolvemos For\u00e7as federais, For\u00e7as do Estado. Estamos dispensando a energia necess\u00e1ria para garantir que os Jogos sejam um sucesso. Temos 88 mil homens para garantir a seguran\u00e7a de quem for prestigiar os Jogos, maior equipe de efetivos para um evento no pa\u00eds em toda a hist\u00f3ria.<\/p>\n<p><strong>De que maneira est\u00e1 sendo tratada a den\u00fancia de estupro dentro do vel\u00f3dromo?\u00a0<\/strong><\/p>\n<p>Problemas pontuais como esse, de den\u00fancias de eventuais crimes que tenham ocorrido na Vila, ser\u00e3o investigados pela pol\u00edcia e, se ocorreram, aquele que cometeu crime sofrer\u00e1 as penalidades da lei.<\/p>\n<p><strong>As declara\u00e7\u00f5es de Eduardo Paes, prefeito do Rio de Janeiro, t\u00eam incomodado o governo de alguma maneira?<\/strong><\/p>\n<p>\u00c9 do temperamento dele, ele deve ser respeitado. \u00c9 preciso que tudo seja contextualizado. Ele \u00e9 brincalh\u00e3o e n\u00e3o fez nenhuma declara\u00e7\u00e3o para ofender ningu\u00e9m.<\/p>\n<p><strong>Como o senhor enxerga a aus\u00eancia da presidente afastada Dilma Rousseff da cerim\u00f4nia de abertura?<br \/><\/strong><br \/>N\u00e3o me cabe avaliar. \u00c9 uma decis\u00e3o de foro \u00edntimo da presidente Dilma. Ela foi convidada. \u00c9 ela quem decide se vai ou n\u00e3o.<br \/><strong><br \/>H\u00e1 o temor de vaias entre os ex-presidentes que negaram o convite? O presidente Temer n\u00e3o est\u00e1 preocupado com uma rea\u00e7\u00e3o negativa?<\/strong><\/p>\n<p>Segundo Nelson Rodrigues, no Maracan\u00e3 se vaia at\u00e9 minuto de sil\u00eancio. Faz parte do jogo qualquer tipo de manifesta\u00e7\u00e3o. Faz parte da vida p\u00fablica. N\u00e3o h\u00e1 motivo para qualquer sobressalto.\u00a0<\/p>\n<p><strong>O plano de legado ol\u00edmpico exigido pelo Tribunal de Contas da Uni\u00e3o j\u00e1 est\u00e1 pronto?<\/strong><\/p>\n<p>Quando cheguei ao minist\u00e9rio, quis saber sobre o projeto p\u00f3s-ol\u00edmpico. Na \u00e9poca, n\u00e3o havia ningu\u00e9m cuidando deste assunto. Institu\u00ed ent\u00e3o um grupo de trabalho que prop\u00f5e usar os R$ 150 milh\u00f5es que temos dispon\u00edveis em 2016 para unificar todos os centros de treinamento que constru\u00edmos.<\/p>\n<p><strong>N\u00e3o teremos elefantes brancos como os deixados pela Copa?<br \/><\/strong><br \/>N\u00e3o posso garantir, mas agora vamos apresentar um plano para evitar que isso aconte\u00e7a.\u00a0<\/p>\n","protected":false},"excerpt":{"rendered":"<p>Em entrevista, o ministro do Esporte, Leonardo Picciani (PMDB-RJ), minimizou os problemas enfrentados pela organiza\u00e7\u00e3o dos Jogos Ol\u00edmpicos\u00a0do Rio de Janeiro\u00a0faltando poucos dias para a&#8230;<\/p>\n","protected":false},"author":1182,"featured_media":18091,"comment_status":"closed","ping_status":"closed","sticky":false,"template":"","format":"standard","meta":{"footnotes":""},"categories":[6],"tags":[],"class_list":["post-20393","post","type-post","status-publish","format-standard","has-post-thumbnail","hentry","category-noticias"],"_links":{"self":[{"href":"https:\/\/www.sincomam.org.br\/index.php\/wp-json\/wp\/v2\/posts\/20393","targetHints":{"allow":["GET"]}}],"collection":[{"href":"https:\/\/www.sincomam.org.br\/index.php\/wp-json\/wp\/v2\/posts"}],"about":[{"href":"https:\/\/www.sincomam.org.br\/index.php\/wp-json\/wp\/v2\/types\/post"}],"author":[{"embeddable":true,"href":"https:\/\/www.sincomam.org.br\/index.php\/wp-json\/wp\/v2\/users\/1182"}],"replies":[{"embeddable":true,"href":"https:\/\/www.sincomam.org.br\/index.php\/wp-json\/wp\/v2\/comments?post=20393"}],"version-history":[{"count":1,"href":"https:\/\/www.sincomam.org.br\/index.php\/wp-json\/wp\/v2\/posts\/20393\/revisions"}],"predecessor-version":[{"id":20394,"href":"https:\/\/www.sincomam.org.br\/index.php\/wp-json\/wp\/v2\/posts\/20393\/revisions\/20394"}],"wp:featuredmedia":[{"embeddable":true,"href":"https:\/\/www.sincomam.org.br\/index.php\/wp-json\/wp\/v2\/media\/18091"}],"wp:attachment":[{"href":"https:\/\/www.sincomam.org.br\/index.php\/wp-json\/wp\/v2\/media?parent=20393"}],"wp:term":[{"taxonomy":"category","embeddable":true,"href":"https:\/\/www.sincomam.org.br\/index.php\/wp-json\/wp\/v2\/categories?post=20393"},{"taxonomy":"post_tag","embeddable":true,"href":"https:\/\/www.sincomam.org.br\/index.php\/wp-json\/wp\/v2\/tags?post=20393"}],"curies":[{"name":"wp","href":"https:\/\/api.w.org\/{rel}","templated":true}]}}