{"id":20391,"date":"2016-08-02T00:00:27","date_gmt":"2016-08-02T03:00:27","guid":{"rendered":"http:\/\/www.sincomam.org.br\/?p=20391"},"modified":"2016-08-01T22:38:07","modified_gmt":"2016-08-02T01:38:07","slug":"ibovespa-fecha-em-queda-pressionada-por-petrobras","status":"publish","type":"post","link":"https:\/\/www.sincomam.org.br\/index.php\/ibovespa-fecha-em-queda-pressionada-por-petrobras\/","title":{"rendered":"Ibovespa fecha em queda pressionada por Petrobras"},"content":{"rendered":"<p>O principal \u00edndice da Bovespa\u00a0fechou em queda nesta segunda-feira, ap\u00f3s fechar julho com alta de mais de 10 por cento, pressionado pelo recuo das a\u00e7\u00f5es da Petrobras na esteira da queda do pre\u00e7o do petr\u00f3leo.<\/p>\n<p>O Ibovespa\u00a0caiu 0,96 por cento a 56.755 pontos.<\/p>\n<p>Na m\u00e1xima, mais cedo, o \u00edndice subiu 0,7 por cento, para 57.729 pontos, renovando m\u00e1xima intradia desde maio de 2015.\u00a0<\/p>\n<p>O volume financeiro da sess\u00e3o somou 6,58 bilh\u00f5es de reais.<\/p>\n<p>O Ibovespa fechou na sexta-feira no maior n\u00edvel desde 5 de maio de 2015, ap\u00f3s acumular alta de 11,22 por cento em julho, que elevou o ganho no ano para 32,2 por cento.\u00a0<\/p>\n<p>Wall Street corroborou movimentos de realiza\u00e7\u00e3o de lucros no preg\u00e3o brasileiro no primeiro preg\u00e3o de agosto, com o S&amp;P 500 fechando em baixa de 0,13 por cento, tamb\u00e9m efetado pelo decl\u00ednio do petr\u00f3leo, que pressionou a\u00e7\u00f5es de energia.<\/p>\n<p>Do lado positivo, o Credit Suisse elevou para &#8220;market weight&#8221; a recomenda\u00e7\u00e3o para aloca\u00e7\u00e3o das a\u00e7\u00f5es brasileiras no contexto da Am\u00e9rica Latina e aumentou a meta para o Ibovespa de 50 mil para 60 mil pontos no final do ano.<\/p>\n<p>Carteiras de a\u00e7\u00f5es recomendadas para agosto compiladas pela Reuters tamb\u00e9m mostraram estrategistas ainda otimistas com as a\u00e7\u00f5es brasileiras, em meio a dados melhores de confian\u00e7a e expectativas positivas sobre defini\u00e7\u00f5es no campo pol\u00edtico, al\u00e9m da perspectiva de manuten\u00e7\u00e3o da liquidez global.<\/p>\n<p><strong>DESTAQUES<br \/><\/strong><\/p>\n<p>&#8211; PETROBRAS fechou com as preferenciais em baixa de 5,22 por cento e as ordin\u00e1rias em queda de 5,85% por cento, alinhadas ao decl\u00ednio dos pre\u00e7os do petr\u00f3leo. Petrobras PN ainda acumula valoriza\u00e7\u00e3o de quase 70 por cento em 2016.<\/p>\n<p>&#8211; NATURA perdeu 5,11 por cento, ap\u00f3s fortes ganhos recentes na esteira da divulga\u00e7\u00e3o do resultado trimestral, que levaram a a\u00e7\u00e3o para a maior cota\u00e7\u00e3o de fechamento desde novembro de 2014 na \u00faltima sexta-feira.<\/p>\n<p>&#8211; EMBRAER caiu 3,91 por cento, ainda sofrendo com o resultado trimestral e corte de previs\u00f5es, mas tamb\u00e9m tendo no radar novas redu\u00e7\u00f5es nos pre\u00e7os-alvos de suas a\u00e7\u00f5es e ADRs por corretoras. Ainda, no fim de semana, o jornal Folha de S.Paulo disse que um funcion\u00e1rio da Embraer com mais de 30 anos de casa disse, em depoimento ao Minist\u00e9rio P\u00fablico Federal do Rio de Janeiro, que a c\u00fapula da empresa autorizou o pagamento de suborno a uma autoridade da Rep\u00fablica Dominicana durante negocia\u00e7\u00f5es para venda de oito avi\u00f5es Super Tucanos, entre 2008 e 2009.<\/p>\n<p>&#8211; VALE encerrou com preferenciais em queda de 3,06 por cento e as ordin\u00e1rias com recuo de 3,24 por cento, revertendo os ganhos vistos mais cedo, quando os pap\u00e9is acompanharam a alta dos pre\u00e7os do min\u00e9rio de ferro na China.<\/p>\n<p>-SUZANO PAPEL E CELULOSE avan\u00e7ou 3,33 por cento, no melhor desempenho do Ibovespa, apoiada na valoriza\u00e7\u00e3o do d\u00f3lar ante o real. A a\u00e7\u00e3o figura entre os poucos componentes do Ibovespa que acumulam perda em 2016, no caso, de mais de 40 por cento.<\/p>\n<p>&#8211; CIELO subiu 1,58 por cento, antes do resultado do segundo trimestre ap\u00f3s o fechamento. O BTG Pactual disse que espera mais um bom trimestre para a empresa de meios de pagamento, com volumes e yields desacelerando um pouco ante o primeiro trimestre, mas com pr\u00e9-pagamento ainda forte. &#8211; BRADESCO avan\u00e7ou 0,99 por cento, apesar na fraqueza do setor, com ITA\u00da UNIBANCO encerrando em queda de 1,01 por cento antes do resultado do segundo trimestre, previsto para antes da abertura do preg\u00e3o na ter\u00e7a-feira.<\/p>\n<p>&#8211; CESP recuou 1,22 por cento, em sess\u00e3o negativa para o setor el\u00e9trico. A primeira pr\u00e9via da carteira do Ibovespa que vai vigorar de setembro a dezembro mostrou a sa\u00edda das a\u00e7\u00f5es da estatal paulista de energia do \u00edndice.<\/p>\n<p>Fonte: Exame<\/p>\n","protected":false},"excerpt":{"rendered":"<p>O principal \u00edndice da Bovespa\u00a0fechou em queda nesta segunda-feira, ap\u00f3s fechar julho com alta de mais de 10 por cento, pressionado pelo recuo das a\u00e7\u00f5es&#8230;<\/p>\n","protected":false},"author":1182,"featured_media":18708,"comment_status":"closed","ping_status":"closed","sticky":false,"template":"","format":"standard","meta":{"footnotes":""},"categories":[6],"tags":[],"class_list":["post-20391","post","type-post","status-publish","format-standard","has-post-thumbnail","hentry","category-noticias"],"_links":{"self":[{"href":"https:\/\/www.sincomam.org.br\/index.php\/wp-json\/wp\/v2\/posts\/20391","targetHints":{"allow":["GET"]}}],"collection":[{"href":"https:\/\/www.sincomam.org.br\/index.php\/wp-json\/wp\/v2\/posts"}],"about":[{"href":"https:\/\/www.sincomam.org.br\/index.php\/wp-json\/wp\/v2\/types\/post"}],"author":[{"embeddable":true,"href":"https:\/\/www.sincomam.org.br\/index.php\/wp-json\/wp\/v2\/users\/1182"}],"replies":[{"embeddable":true,"href":"https:\/\/www.sincomam.org.br\/index.php\/wp-json\/wp\/v2\/comments?post=20391"}],"version-history":[{"count":1,"href":"https:\/\/www.sincomam.org.br\/index.php\/wp-json\/wp\/v2\/posts\/20391\/revisions"}],"predecessor-version":[{"id":20392,"href":"https:\/\/www.sincomam.org.br\/index.php\/wp-json\/wp\/v2\/posts\/20391\/revisions\/20392"}],"wp:featuredmedia":[{"embeddable":true,"href":"https:\/\/www.sincomam.org.br\/index.php\/wp-json\/wp\/v2\/media\/18708"}],"wp:attachment":[{"href":"https:\/\/www.sincomam.org.br\/index.php\/wp-json\/wp\/v2\/media?parent=20391"}],"wp:term":[{"taxonomy":"category","embeddable":true,"href":"https:\/\/www.sincomam.org.br\/index.php\/wp-json\/wp\/v2\/categories?post=20391"},{"taxonomy":"post_tag","embeddable":true,"href":"https:\/\/www.sincomam.org.br\/index.php\/wp-json\/wp\/v2\/tags?post=20391"}],"curies":[{"name":"wp","href":"https:\/\/api.w.org\/{rel}","templated":true}]}}