{"id":20384,"date":"2016-08-02T01:00:09","date_gmt":"2016-08-02T04:00:09","guid":{"rendered":"http:\/\/www.sincomam.org.br\/?p=20384"},"modified":"2016-08-01T22:29:58","modified_gmt":"2016-08-02T01:29:58","slug":"meirelles-promete-esforco-para-evitar-aumento-de-imposto","status":"publish","type":"post","link":"https:\/\/www.sincomam.org.br\/index.php\/meirelles-promete-esforco-para-evitar-aumento-de-imposto\/","title":{"rendered":"Meirelles promete esfor\u00e7o para evitar aumento de imposto"},"content":{"rendered":"<p>O ministro da Fazenda, Henrique Meirelles, garantiu que o governo far\u00e1 &#8220;o maior esfor\u00e7o poss\u00edvel&#8221; para n\u00e3o ser necess\u00e1rio aplicar aumentos de impostos.\u00a0<\/p>\n<p>&#8220;Evidentemente que teremos de fazer previs\u00e3o sobre, em primeiro lugar, a evolu\u00e7\u00e3o da arrecada\u00e7\u00e3o tribut\u00e1ria para 2017, que tem ca\u00eddo muito este ano e caiu um pouco no ano passado e nos anos anteriores e, na medida em que haja uma recupera\u00e7\u00e3o da economia, espera-se que possa haver uma arrecada\u00e7\u00e3o&#8221;, disse, antes de participar de evento da revista \u00c9poca Neg\u00f3cios, em S\u00e3o Paulo.<\/p>\n<p>O evento \u00e9 fechado para a imprensa, mas o ministro afirmou que recomendou, aos organizadores, a entrada de jornalistas.<\/p>\n<p>Segundo Meirelles, o aumento de imposto pode se tornar desnecess\u00e1rio caso haja uma receita adicional por meio de concess\u00f5es e privatiza\u00e7\u00f5es.<\/p>\n<p>&#8220;Mas est\u00e1 um pouco prematuro para tomar uma decis\u00e3o ainda porque temos de acompanhar at\u00e9 o fim deste m\u00eas a evolu\u00e7\u00e3o da arrecada\u00e7\u00e3o para podermos ter uma previs\u00e3o mais precisa sobre a evolu\u00e7\u00e3o da arrecada\u00e7\u00e3o no ano que vem&#8221;, disse o ministro.\u00a0<\/p>\n<p>&#8220;Mas vamos ver se evitamos um aumento de imposto, que evidentemente n\u00e3o \u00e9 positivo para uma recupera\u00e7\u00e3o da economia&#8221;, afirmou.<\/p>\n","protected":false},"excerpt":{"rendered":"<p>O ministro da Fazenda, Henrique Meirelles, garantiu que o governo far\u00e1 &#8220;o maior esfor\u00e7o poss\u00edvel&#8221; para n\u00e3o ser necess\u00e1rio aplicar aumentos de impostos.\u00a0 &#8220;Evidentemente que&#8230;<\/p>\n","protected":false},"author":1182,"featured_media":19487,"comment_status":"closed","ping_status":"closed","sticky":false,"template":"","format":"standard","meta":{"footnotes":""},"categories":[6],"tags":[],"class_list":["post-20384","post","type-post","status-publish","format-standard","has-post-thumbnail","hentry","category-noticias"],"_links":{"self":[{"href":"https:\/\/www.sincomam.org.br\/index.php\/wp-json\/wp\/v2\/posts\/20384","targetHints":{"allow":["GET"]}}],"collection":[{"href":"https:\/\/www.sincomam.org.br\/index.php\/wp-json\/wp\/v2\/posts"}],"about":[{"href":"https:\/\/www.sincomam.org.br\/index.php\/wp-json\/wp\/v2\/types\/post"}],"author":[{"embeddable":true,"href":"https:\/\/www.sincomam.org.br\/index.php\/wp-json\/wp\/v2\/users\/1182"}],"replies":[{"embeddable":true,"href":"https:\/\/www.sincomam.org.br\/index.php\/wp-json\/wp\/v2\/comments?post=20384"}],"version-history":[{"count":1,"href":"https:\/\/www.sincomam.org.br\/index.php\/wp-json\/wp\/v2\/posts\/20384\/revisions"}],"predecessor-version":[{"id":20385,"href":"https:\/\/www.sincomam.org.br\/index.php\/wp-json\/wp\/v2\/posts\/20384\/revisions\/20385"}],"wp:featuredmedia":[{"embeddable":true,"href":"https:\/\/www.sincomam.org.br\/index.php\/wp-json\/wp\/v2\/media\/19487"}],"wp:attachment":[{"href":"https:\/\/www.sincomam.org.br\/index.php\/wp-json\/wp\/v2\/media?parent=20384"}],"wp:term":[{"taxonomy":"category","embeddable":true,"href":"https:\/\/www.sincomam.org.br\/index.php\/wp-json\/wp\/v2\/categories?post=20384"},{"taxonomy":"post_tag","embeddable":true,"href":"https:\/\/www.sincomam.org.br\/index.php\/wp-json\/wp\/v2\/tags?post=20384"}],"curies":[{"name":"wp","href":"https:\/\/api.w.org\/{rel}","templated":true}]}}