{"id":20367,"date":"2016-08-01T10:46:20","date_gmt":"2016-08-01T13:46:20","guid":{"rendered":"http:\/\/sincomam.org.br\/?p=20367"},"modified":"2016-08-01T10:46:20","modified_gmt":"2016-08-01T13:46:20","slug":"porto-de-suape-registra-aumento-de-movimentacao-de-cargas-de-veiculos","status":"publish","type":"post","link":"https:\/\/www.sincomam.org.br\/index.php\/porto-de-suape-registra-aumento-de-movimentacao-de-cargas-de-veiculos\/","title":{"rendered":"Porto de Suape registra aumento de movimenta\u00e7\u00e3o de cargas de ve\u00edculos"},"content":{"rendered":"<p>Mais de 23 mil ve\u00edculos foram exportados pelo Porto de Suape no primeiro semestre deste ano. Esse n\u00famero representa um aumento de mais de 300% em rela\u00e7\u00e3o ao mesmo per\u00edodo de 2015. Do total, mais de 9 mil foram importados da Argentina. E mais de 14 mil exportados para o M\u00e9xico, Chile, Peru, Uruguai, Col\u00f4mbia, Panam\u00e1, e Costa Rica. As opera\u00e7\u00f5es s\u00e3o das montadoras General Motors, Toyota, Fiat e Jeep.<\/p>\n<p>O vice-presidente do Porto de Suape, Evandro Avelar, acredita que o aumento na movimenta\u00e7\u00e3o de cargas veiculares \u00e9 fruto da prepara\u00e7\u00e3o do porto. Um dos problemas em rela\u00e7\u00e3o a essas cargas de ve\u00edculos \u00e9 a m\u00e1 condi\u00e7\u00e3o das rodovias. Para Evandro Avelar \u00e9 preciso reestruturar as pistas para n\u00e3o prejudicar a entrega dos ve\u00edculos:<\/p>\n<p>Fonte: UOL<\/p>\n","protected":false},"excerpt":{"rendered":"<p>Mais de 23 mil ve\u00edculos foram exportados pelo Porto de Suape no primeiro semestre deste ano. Esse n\u00famero representa um aumento de mais de 300%&#8230;<\/p>\n","protected":false},"author":1182,"featured_media":17870,"comment_status":"closed","ping_status":"closed","sticky":false,"template":"","format":"standard","meta":{"footnotes":""},"categories":[6],"tags":[],"class_list":["post-20367","post","type-post","status-publish","format-standard","has-post-thumbnail","hentry","category-noticias"],"_links":{"self":[{"href":"https:\/\/www.sincomam.org.br\/index.php\/wp-json\/wp\/v2\/posts\/20367","targetHints":{"allow":["GET"]}}],"collection":[{"href":"https:\/\/www.sincomam.org.br\/index.php\/wp-json\/wp\/v2\/posts"}],"about":[{"href":"https:\/\/www.sincomam.org.br\/index.php\/wp-json\/wp\/v2\/types\/post"}],"author":[{"embeddable":true,"href":"https:\/\/www.sincomam.org.br\/index.php\/wp-json\/wp\/v2\/users\/1182"}],"replies":[{"embeddable":true,"href":"https:\/\/www.sincomam.org.br\/index.php\/wp-json\/wp\/v2\/comments?post=20367"}],"version-history":[{"count":1,"href":"https:\/\/www.sincomam.org.br\/index.php\/wp-json\/wp\/v2\/posts\/20367\/revisions"}],"predecessor-version":[{"id":20368,"href":"https:\/\/www.sincomam.org.br\/index.php\/wp-json\/wp\/v2\/posts\/20367\/revisions\/20368"}],"wp:featuredmedia":[{"embeddable":true,"href":"https:\/\/www.sincomam.org.br\/index.php\/wp-json\/wp\/v2\/media\/17870"}],"wp:attachment":[{"href":"https:\/\/www.sincomam.org.br\/index.php\/wp-json\/wp\/v2\/media?parent=20367"}],"wp:term":[{"taxonomy":"category","embeddable":true,"href":"https:\/\/www.sincomam.org.br\/index.php\/wp-json\/wp\/v2\/categories?post=20367"},{"taxonomy":"post_tag","embeddable":true,"href":"https:\/\/www.sincomam.org.br\/index.php\/wp-json\/wp\/v2\/tags?post=20367"}],"curies":[{"name":"wp","href":"https:\/\/api.w.org\/{rel}","templated":true}]}}