{"id":20365,"date":"2016-08-01T10:38:49","date_gmt":"2016-08-01T13:38:49","guid":{"rendered":"http:\/\/sincomam.org.br\/?p=20365"},"modified":"2016-08-01T10:41:47","modified_gmt":"2016-08-01T13:41:47","slug":"com-isencao-de-multas-a-petroleiras-anp-permite-desmonte-de-conteudo-local","status":"publish","type":"post","link":"https:\/\/www.sincomam.org.br\/index.php\/com-isencao-de-multas-a-petroleiras-anp-permite-desmonte-de-conteudo-local\/","title":{"rendered":"Com isen\u00e7\u00e3o de multas a petroleiras, ANP permite desmonte de conte\u00fado local"},"content":{"rendered":"<p>O desmonte do conte\u00fado local no setor de petr\u00f3leo ganhou um forte impulso no \u00faltimo dia 20, quando, sob o argumento de facilitar investimentos no setor de produ\u00e7\u00e3o de petr\u00f3leo, a Ag\u00eancia Nacional de Petr\u00f3leo e G\u00e1s Natural (ANP) decidiu isentar de multas as empresas que descumprirem a regra de conte\u00fado local para embarca\u00e7\u00f5es de apoio, voltadas \u00e0 an\u00e1lise geol\u00f3gica, segundo regras que eram aplicadas desde 2008.<\/p>\n<p>A medida foi vista pela Associa\u00e7\u00e3o dos Engenheiros da Petrobras (Aepet) como um ataque \u00e0 ind\u00fastria naval no pa\u00eds. \u201cIsso agora \u00e9 um crime de lesa-p\u00e1tria, faz parte da entrega do nosso pr\u00e9-sal. V\u00e3o trazer equipamentos e o povo vai ficar n\u00e3o a ver navios, mas a ver plataformas\u201d, afirma o vice-presidente da associa\u00e7\u00e3o, Fernando Leite Siqueira.<\/p>\n<p>A mudan\u00e7a atende a pedidos de isen\u00e7\u00e3o das regras feitos por petroleiras estrangeiras e poder\u00e1 produzir, segundo analistas, um \u201cefeito cascata\u201d sobre outros itens da pol\u00edtica de conte\u00fado nacional, j\u00e1 que ela significa a abertura de um precedente. \u201cQuerem tomar o pr\u00e9-sal e o governo tem se mostrado absolutamente entreguista. O PT tamb\u00e9m entregou 60% do campo de Libra. \u00c9 preocupante essa situa\u00e7\u00e3o, por isso, defendemos &#8216;Fora, Temer&#8217;, &#8216;Fora, Dilma&#8217; e elei\u00e7\u00f5es gerais\u201d, diz ainda o executivo da Aepet.<\/p>\n<p>Ele lembra que quando a Noruega descobriu petr\u00f3leo na d\u00e9cada de 1970 ela era o segundo pa\u00eds mais pobre da Europa. \u201cE depois passou a ser o pa\u00eds mais desenvolvido, com o melhor IDH (\u00cdndice de Desenvolvimento Humano), com educa\u00e7\u00e3o e tecnologia de ponta e segunda maior renda do planeta, com um fundo soberano de 900 bilh\u00f5es de euros\u201d, afirma. \u201cEnquanto isso, Angola, Nig\u00e9ria e Gab\u00e3o ficam na mis\u00e9ria porque entregaram o petr\u00f3leo para as multinacionais. \u00c9 a op\u00e7\u00e3o entre ser uma Noruega, ou um pa\u00eds subdesenvolvido, quase uma col\u00f4nia\u201d, enfatiza Siqueira.<\/p>\n<p>A nova postura ocorre ap\u00f3s audi\u00eancia p\u00fablica realizada em abril. Anteriormente, a ANP s\u00f3 havia aceito um pedido de isen\u00e7\u00e3o feito pela norueguesa Statoil. Em 2014, a ag\u00eancia rejeitou, por intempestividade, 37 pedidos.<\/p>\n<p>A pol\u00edtica de conte\u00fado local foi criada em 1999 e aprimorada em 2005 \u2013 ela permitiu a retomada da ind\u00fastria naval brasileira. Com a decis\u00e3o, a ANP sinaliza que pode afrouxar as exig\u00eancias, o que pode significar a transfer\u00eancia de empregos para o exterior.<\/p>\n<p>Cobi\u00e7a<br \/>Com reservas estimadas entre 176 bilh\u00f5es e 280 bilh\u00f5es de barris, segundo ge\u00f3logos da Universidade Estadual do Rio de Janeiro (Uerj), o que representa a segunda ou terceira maior reserva do mundo fora do Oriente M\u00e9dio, o pr\u00e9-sal virou alvo de cobi\u00e7a internacional. &#8220;Diante de um governo de credibilidade duvidosa, o esp\u00edrito entreguista do interino Michel Temer, apoiado por nomes de reputa\u00e7\u00e3o tamb\u00e9m duvidosa, como o presidente do Senado, Renan Calheiros (PMDB-AL), e o ministro das Rela\u00e7\u00f5es Exteriores, Jos\u00e9 Serra (PSDB-SP), virou um para\u00edso para multinacionais comprarem essas pessoas&#8221;, disse.<\/p>\n<p>Segundo o representante da Aepet, h\u00e1 uma campanha para as multinacionais tomarem o pr\u00e9-sal, que ganhou espa\u00e7o desde que a Petrobras passou a ser dirigida por Aldemir Bendine, em fevereiro de 2015. \u201cTentam passar a ideia de que a empresa est\u00e1 quebrando, mas isso \u00e9 falso\u201d, afirma. Para ele, a gest\u00e3o de Pedro Parente, que assumiu a presid\u00eancia da empresa com o governo interino, vai aprofundar a venda de ativos da empresa.<\/p>\n<p>Fonte: por Helder Lima, da RBA<\/p>\n","protected":false},"excerpt":{"rendered":"<p>O desmonte do conte\u00fado local no setor de petr\u00f3leo ganhou um forte impulso no \u00faltimo dia 20, quando, sob o argumento de facilitar investimentos no&#8230;<\/p>\n","protected":false},"author":1182,"featured_media":19088,"comment_status":"closed","ping_status":"closed","sticky":false,"template":"","format":"standard","meta":{"footnotes":""},"categories":[6],"tags":[],"class_list":["post-20365","post","type-post","status-publish","format-standard","has-post-thumbnail","hentry","category-noticias"],"_links":{"self":[{"href":"https:\/\/www.sincomam.org.br\/index.php\/wp-json\/wp\/v2\/posts\/20365","targetHints":{"allow":["GET"]}}],"collection":[{"href":"https:\/\/www.sincomam.org.br\/index.php\/wp-json\/wp\/v2\/posts"}],"about":[{"href":"https:\/\/www.sincomam.org.br\/index.php\/wp-json\/wp\/v2\/types\/post"}],"author":[{"embeddable":true,"href":"https:\/\/www.sincomam.org.br\/index.php\/wp-json\/wp\/v2\/users\/1182"}],"replies":[{"embeddable":true,"href":"https:\/\/www.sincomam.org.br\/index.php\/wp-json\/wp\/v2\/comments?post=20365"}],"version-history":[{"count":1,"href":"https:\/\/www.sincomam.org.br\/index.php\/wp-json\/wp\/v2\/posts\/20365\/revisions"}],"predecessor-version":[{"id":20366,"href":"https:\/\/www.sincomam.org.br\/index.php\/wp-json\/wp\/v2\/posts\/20365\/revisions\/20366"}],"wp:featuredmedia":[{"embeddable":true,"href":"https:\/\/www.sincomam.org.br\/index.php\/wp-json\/wp\/v2\/media\/19088"}],"wp:attachment":[{"href":"https:\/\/www.sincomam.org.br\/index.php\/wp-json\/wp\/v2\/media?parent=20365"}],"wp:term":[{"taxonomy":"category","embeddable":true,"href":"https:\/\/www.sincomam.org.br\/index.php\/wp-json\/wp\/v2\/categories?post=20365"},{"taxonomy":"post_tag","embeddable":true,"href":"https:\/\/www.sincomam.org.br\/index.php\/wp-json\/wp\/v2\/tags?post=20365"}],"curies":[{"name":"wp","href":"https:\/\/api.w.org\/{rel}","templated":true}]}}