{"id":20356,"date":"2016-08-01T10:22:01","date_gmt":"2016-08-01T13:22:01","guid":{"rendered":"http:\/\/sincomam.org.br\/?p=20356"},"modified":"2016-08-01T10:22:01","modified_gmt":"2016-08-01T13:22:01","slug":"reforma-da-previdencia-vai-afetar-mais-quem-tem-ate-50-anos","status":"publish","type":"post","link":"https:\/\/www.sincomam.org.br\/index.php\/reforma-da-previdencia-vai-afetar-mais-quem-tem-ate-50-anos\/","title":{"rendered":"Reforma da Previd\u00eancia vai afetar mais quem tem at\u00e9 50 anos"},"content":{"rendered":"<p>As mudan\u00e7as mais dr\u00e1sticas na Previd\u00eancia\u00a0valer\u00e3o para quem tiver at\u00e9 50 anos, tanto na iniciativa privada como no setor p\u00fablico.<\/p>\n<p>Acima desta faixa et\u00e1ria haver\u00e1 um &#8220;ped\u00e1gio&#8221; para quem quiser se aposentar, a chamada regra de transi\u00e7\u00e3o, prevendo um per\u00edodo adicional de trabalho de 40% a 50% do tempo que falta para que se tenha direito ao benef\u00edcio.<\/p>\n<p>As propostas foram apresentadas ao presidente em exerc\u00edcio, Michel Temer, e ainda ser\u00e3o debatidas com dirigentes sindicais e empres\u00e1rios.<\/p>\n<p>A ideia \u00e9 que a idade m\u00ednima para que o trabalhador requeira a aposentadoria seja de 65 anos, no caso de homens, e de 62 para mulheres.<\/p>\n<p>Tudo est\u00e1 sendo planejado para que as mudan\u00e7as atinjam funcion\u00e1rios de empresas privadas e tamb\u00e9m servidores p\u00fablicos.<\/p>\n<p>&#8220;Talvez n\u00e3o unifiquemos o sistema, mas vamos unificar as regras&#8221;, disse \u00e0 reportagem o ministro da Casa Civil, Eliseu Padilha. &#8220;O problema \u00e9 que o buraco \u00e9 muito grande. Agora, \u00e9 fazer ou fazer.&#8221;<\/p>\n<p>C\u00e1lculos do governo indicam que o rombo na Previd\u00eancia, j\u00e1 neste ano, ser\u00e1 de R$ 146 bilh\u00f5es e poder\u00e1 chegar a R$ 180 bilh\u00f5es em 2017.<\/p>\n<p>A primeira vers\u00e3o de um estudo sobre a reforma da Previd\u00eancia consta de uma cartilha intitulada &#8220;Mudar para Preservar&#8221;. As mudan\u00e7as p\u00f5em por terra a f\u00f3rmula 85\/95, uma alternativa ao fator previdenci\u00e1rio.<\/p>\n<p>O projeto, aprovado no ano passado pelo Congresso e sancionado pela presidente Dilma Rousseff, hoje afastada, estabelece que, quando a soma da idade e do tempo de contribui\u00e7\u00e3o para o INSS atingir 85 pontos (mulheres) e 95 (homens), a aposentadoria \u00e9 integral.<\/p>\n<p>A f\u00f3rmula foi considerada um avan\u00e7o porque o fator previdenci\u00e1rio pode diminuir o valor do benef\u00edcio.<\/p>\n<p>Temer pretende enviar a proposta de reforma da Previd\u00eancia ao Congresso somente ap\u00f3s as elei\u00e7\u00f5es municipais de outubro. At\u00e9 l\u00e1 tamb\u00e9m j\u00e1 haver\u00e1 um desfecho sobre o processo de impeachment de Dilma. O julgamento final, no plen\u00e1rio do Senado, come\u00e7ar\u00e1 no pr\u00f3ximo dia 29 e deve durar uma semana.<\/p>\n<p>O governo interino tamb\u00e9m avalia a possibilidade de mulheres e professores terem regra de transi\u00e7\u00e3o especial para aposentadoria.<\/p>\n<p>&#8220;\u00c9 importante abrirmos um grande debate nacional com a sociedade porque o modelo atual n\u00e3o deu certo. N\u00e3o podemos restringir a discuss\u00e3o a governo, associa\u00e7\u00f5es de trabalhadores e confedera\u00e7\u00f5es empresariais&#8221;, argumentou Padilha.<\/p>\n<p>Fonte: O Estado de S\u00e3o Paulo<\/p>\n","protected":false},"excerpt":{"rendered":"<p>As mudan\u00e7as mais dr\u00e1sticas na Previd\u00eancia\u00a0valer\u00e3o para quem tiver at\u00e9 50 anos, tanto na iniciativa privada como no setor p\u00fablico. Acima desta faixa et\u00e1ria haver\u00e1&#8230;<\/p>\n","protected":false},"author":1182,"featured_media":20357,"comment_status":"closed","ping_status":"closed","sticky":false,"template":"","format":"standard","meta":{"footnotes":""},"categories":[6],"tags":[],"class_list":["post-20356","post","type-post","status-publish","format-standard","has-post-thumbnail","hentry","category-noticias"],"_links":{"self":[{"href":"https:\/\/www.sincomam.org.br\/index.php\/wp-json\/wp\/v2\/posts\/20356","targetHints":{"allow":["GET"]}}],"collection":[{"href":"https:\/\/www.sincomam.org.br\/index.php\/wp-json\/wp\/v2\/posts"}],"about":[{"href":"https:\/\/www.sincomam.org.br\/index.php\/wp-json\/wp\/v2\/types\/post"}],"author":[{"embeddable":true,"href":"https:\/\/www.sincomam.org.br\/index.php\/wp-json\/wp\/v2\/users\/1182"}],"replies":[{"embeddable":true,"href":"https:\/\/www.sincomam.org.br\/index.php\/wp-json\/wp\/v2\/comments?post=20356"}],"version-history":[{"count":1,"href":"https:\/\/www.sincomam.org.br\/index.php\/wp-json\/wp\/v2\/posts\/20356\/revisions"}],"predecessor-version":[{"id":20358,"href":"https:\/\/www.sincomam.org.br\/index.php\/wp-json\/wp\/v2\/posts\/20356\/revisions\/20358"}],"wp:featuredmedia":[{"embeddable":true,"href":"https:\/\/www.sincomam.org.br\/index.php\/wp-json\/wp\/v2\/media\/20357"}],"wp:attachment":[{"href":"https:\/\/www.sincomam.org.br\/index.php\/wp-json\/wp\/v2\/media?parent=20356"}],"wp:term":[{"taxonomy":"category","embeddable":true,"href":"https:\/\/www.sincomam.org.br\/index.php\/wp-json\/wp\/v2\/categories?post=20356"},{"taxonomy":"post_tag","embeddable":true,"href":"https:\/\/www.sincomam.org.br\/index.php\/wp-json\/wp\/v2\/tags?post=20356"}],"curies":[{"name":"wp","href":"https:\/\/api.w.org\/{rel}","templated":true}]}}