{"id":20346,"date":"2016-07-29T10:25:05","date_gmt":"2016-07-29T13:25:05","guid":{"rendered":"http:\/\/www.sincomam.org.br\/?p=20346"},"modified":"2016-07-29T10:25:05","modified_gmt":"2016-07-29T13:25:05","slug":"petrobras-vende-fatia-no-pre-sal-por-us25-bi-para-statoil","status":"publish","type":"post","link":"https:\/\/www.sincomam.org.br\/index.php\/petrobras-vende-fatia-no-pre-sal-por-us25-bi-para-statoil\/","title":{"rendered":"Petrobras vende fatia no pr\u00e9-sal por US$2,5 bi para Statoil"},"content":{"rendered":"<p>A Petrobras<a href=\"http:\/\/www.exame.com.br\/topicos\/petrobras\"><strong>\u00a0<\/strong><\/a>anunciou nesta sexta-feira que seu Conselho de Administra\u00e7\u00e3o aprovou a venda de participa\u00e7\u00e3o no bloco explorat\u00f3rio BM-S-8, onde est\u00e1 localizada importante \u00e1rea do\u00a0pr\u00e9-sal, por um pre\u00e7o base de 2,5 bilh\u00f5es de d\u00f3lares.<\/p>\n<p>A venda para a petroleira norueguesa Statoil<a href=\"http:\/\/www.exame.com.br\/topicos\/statoil\"><strong>\u00a0<\/strong><\/a>da fatia de 66 por cento no bloco na Bacia de Santos marca a primeira grande \u00e1rea do pr\u00e9-sal inclu\u00edda no plano de desinvestimentos da estatal.<\/p>\n<p>A Petrobras informou anteriormente que testes comprovaram alta produtividade em po\u00e7os na regi\u00e3o, que cont\u00e9m uma das maiores descobertas de petr\u00f3leo no mundo nos \u00faltimos anos.<\/p>\n<p>A empresa busca vender ativos para fazer frente a um endividamento l\u00edquido enorme de cerca de 370 bilh\u00f5es de reais, diante de um cen\u00e1rio de fracos pre\u00e7os do petr\u00f3leo.\u00a0<\/p>\n<p>A meta de desinvestimento para este ano \u00e9 obter pouco mais de 14 bilh\u00f5es de d\u00f3lares, com aliena\u00e7\u00f5es em diversos segmentos.<\/p>\n<p>&#8220;A opera\u00e7\u00e3o faz parte da pol\u00edtica de gest\u00e3o de portf\u00f3lio da Petrobras que prioriza investimentos em ativos com maior potencial de gera\u00e7\u00e3o de caixa no curto prazo e com maior possibilidade de otimiza\u00e7\u00e3o de capital e de ganhos de escala&#8221;, explicou a Petrobras em nota.<\/p>\n<p>A petroleira destacou que a transa\u00e7\u00e3o ainda est\u00e1 sujeita a determinadas condi\u00e7\u00f5es precedentes usuais, incluindo o direito de prefer\u00eancia por parte dos demais parceiros no BM-S-8, que incluem a subsidi\u00e1ria da portuguesa Galp no Brasil (com 14 por cento de participa\u00e7\u00e3o no bloco), Queiroz Galv\u00e3o Explora\u00e7\u00e3o e Produ\u00e7\u00e3o (10 por cento) e Barra Energia do Brasil Petr\u00f3leo e G\u00e1s (10 por cento), que tem como s\u00f3cios os fundos First Reserve Corporation e Riverstone Holdings.<\/p>\n<p>A Petrobras informou que a primeira parcela do valor negociado, correspondente a 50 por cento do pre\u00e7o total (1,25 bilh\u00e3o de d\u00f3lares), ser\u00e1 paga no fechamento da opera\u00e7\u00e3o pela subs\u00eddi\u00e1ria brasileira da norueguesa Statoil.<\/p>\n<p>O restante do valor, acrescentou a empresa, ser\u00e1 pago atrav\u00e9s de parcelas contingentes relacionadas a eventos subsequentes como, por exemplo, a celebra\u00e7\u00e3o do Acordo de Individualiza\u00e7\u00e3o da Produ\u00e7\u00e3o (unitiza\u00e7\u00e3o).<\/p>\n<p><strong>Produ\u00e7\u00e3o em 2020<\/strong><\/p>\n<p>A norueguesa Statoil pretende come\u00e7ar a produ\u00e7\u00e3o na \u00e1rea de Carcar\u00e1 em meados da d\u00e9cada de 2020, afirmou \u00e0 Reuters o chefe da \u00e1rea de explora\u00e7\u00e3o da companhia, Tim Dodson.<\/p>\n<p>&#8220;Isso \u00e9 bom para n\u00f3s&#8230; porque isso significa que h\u00e1 um limitado desembolso de capital at\u00e9 2020&#8221;, acrescentou.<\/p>\n<p>Quando a transa\u00e7\u00e3o for fechada, vai aumentar a taxa da d\u00edvida l\u00edquida da Statoil em cerca de 1,5 ponto percentual, acrescentou Dodson.<\/p>\n<p>Segundo o diretor financeiro da Statoil, Hans Jakob Hegge, a aquisi\u00e7\u00e3o n\u00e3o vai impactar a pol\u00edtica de dividendos da companhia.<\/p>\n<p>Fonte: Exame<\/p>\n","protected":false},"excerpt":{"rendered":"<p>A Petrobras\u00a0anunciou nesta sexta-feira que seu Conselho de Administra\u00e7\u00e3o aprovou a venda de participa\u00e7\u00e3o no bloco explorat\u00f3rio BM-S-8, onde est\u00e1 localizada importante \u00e1rea do\u00a0pr\u00e9-sal, por&#8230;<\/p>\n","protected":false},"author":1182,"featured_media":19555,"comment_status":"closed","ping_status":"closed","sticky":false,"template":"","format":"standard","meta":{"footnotes":""},"categories":[6],"tags":[],"class_list":["post-20346","post","type-post","status-publish","format-standard","has-post-thumbnail","hentry","category-noticias"],"_links":{"self":[{"href":"https:\/\/www.sincomam.org.br\/index.php\/wp-json\/wp\/v2\/posts\/20346","targetHints":{"allow":["GET"]}}],"collection":[{"href":"https:\/\/www.sincomam.org.br\/index.php\/wp-json\/wp\/v2\/posts"}],"about":[{"href":"https:\/\/www.sincomam.org.br\/index.php\/wp-json\/wp\/v2\/types\/post"}],"author":[{"embeddable":true,"href":"https:\/\/www.sincomam.org.br\/index.php\/wp-json\/wp\/v2\/users\/1182"}],"replies":[{"embeddable":true,"href":"https:\/\/www.sincomam.org.br\/index.php\/wp-json\/wp\/v2\/comments?post=20346"}],"version-history":[{"count":1,"href":"https:\/\/www.sincomam.org.br\/index.php\/wp-json\/wp\/v2\/posts\/20346\/revisions"}],"predecessor-version":[{"id":20347,"href":"https:\/\/www.sincomam.org.br\/index.php\/wp-json\/wp\/v2\/posts\/20346\/revisions\/20347"}],"wp:featuredmedia":[{"embeddable":true,"href":"https:\/\/www.sincomam.org.br\/index.php\/wp-json\/wp\/v2\/media\/19555"}],"wp:attachment":[{"href":"https:\/\/www.sincomam.org.br\/index.php\/wp-json\/wp\/v2\/media?parent=20346"}],"wp:term":[{"taxonomy":"category","embeddable":true,"href":"https:\/\/www.sincomam.org.br\/index.php\/wp-json\/wp\/v2\/categories?post=20346"},{"taxonomy":"post_tag","embeddable":true,"href":"https:\/\/www.sincomam.org.br\/index.php\/wp-json\/wp\/v2\/tags?post=20346"}],"curies":[{"name":"wp","href":"https:\/\/api.w.org\/{rel}","templated":true}]}}