{"id":20337,"date":"2016-07-29T00:10:24","date_gmt":"2016-07-29T03:10:24","guid":{"rendered":"http:\/\/sincomam.org.br\/?p=20337"},"modified":"2016-07-28T22:50:19","modified_gmt":"2016-07-29T01:50:19","slug":"codesp-suspende-licitacao-da-dragagem-do-porto-de-santos","status":"publish","type":"post","link":"https:\/\/www.sincomam.org.br\/index.php\/codesp-suspende-licitacao-da-dragagem-do-porto-de-santos\/","title":{"rendered":"Codesp suspende licita\u00e7\u00e3o da dragagem do Porto de Santos"},"content":{"rendered":"<p>No dia em que seriam abertas as propostas de pre\u00e7os das empresas interessadas em dragar o canal de navega\u00e7\u00e3o do Porto de Santos, a Companhia Docas do Estado de S\u00e3o Paulo (Codesp) suspendeu a licita\u00e7\u00e3o para a contrata\u00e7\u00e3o do servi\u00e7o. Isto aconteceu porque a estatal acatou o pedido de uma concorrente que entrou com recurso administrativo pedindo o cancelamento do certame.<\/p>\n<p>De acordo com a Autoridade Portu\u00e1ria, a empresa de dragagem protocolou um recurso administrativo junto \u00e0 Docas. No entanto, n\u00e3o informou quais foram os questionamentos e nem o nome da firma.<\/p>\n<p>Ap\u00f3s a suspens\u00e3o, publicada no Di\u00e1rio Oficial da Uni\u00e3o (DOU) desta quarta-feira (27), o departamento jur\u00eddico da Autoridade Portu\u00e1ria vai avaliar qual ser\u00e1 o procedimento adotado. \u00c9 poss\u00edvel que sejam feitas mudan\u00e7as no edital de licita\u00e7\u00e3o. Em seguida, ele poder\u00e1 ser novamente publicado. No entanto, n\u00e3o h\u00e1 prazo para que isso aconte\u00e7a.<\/p>\n<p>A estatal trabalhava com a possibilidade de concluir o processo licitat\u00f3rio em tr\u00eas meses, quando ser\u00e1 encerrado o contrato vigente com a Van Oord Opera\u00e7\u00f5es Mar\u00edtimas, atual respons\u00e1vel pela dragagem dos quatro trechos do canal de navega\u00e7\u00e3o. Mas, diante desta suspens\u00e3o, corre-se o risco do processo licitat\u00f3rio n\u00e3o ser conclu\u00eddo em tempo.<\/p>\n<p>A expectativa da Docas \u00e9 investir cerca de R$ 116 milh\u00f5es no servi\u00e7o, que \u00e9 essencial para garantir a profundidade e a competitividade do cais santista.<\/p>\n<p>A contrata\u00e7\u00e3o seria feita atrav\u00e9s de um preg\u00e3o eletr\u00f4nico, que inverte a ordem de an\u00e1lise dos documentos das concorrentes. Primeiro se conhece o valor ofertado. Em seguida, a comiss\u00e3o de licita\u00e7\u00e3o verifica se a empresa tem condi\u00e7\u00f5es econ\u00f4mica, financeira e jur\u00eddica, al\u00e9m de regularidade fiscal. Para a Docas, essa invers\u00e3o garante maior rapidez e efici\u00eancia ao processo.<\/p>\n<p>As empresas concorrentes deveriam apresentar capacidade compat\u00edvel para a realiza\u00e7\u00e3o do servi\u00e7o atrav\u00e9s da utiliza\u00e7\u00e3o de uma draga tipo Hopper, de suc\u00e7\u00e3o e autotransportadora, com produtividade de retirada de 20 mil metros c\u00fabicos de sedimentos ao dia. O contrato prev\u00ea a extra\u00e7\u00e3o de at\u00e9 4,3 milh\u00f5es de metros c\u00fabicos de lama do fundo do canal.<\/p>\n<p>Situa\u00e7\u00e3o<\/p>\n<p>Hoje, a dragagem de toda a extens\u00e3o do canal de navega\u00e7\u00e3o do Porto de Santos \u00e9 realizada pela Van Oord, ap\u00f3s um aditivo contratual feito h\u00e1 dois meses. No entanto, a empresa s\u00f3 poder\u00e1 continuar realizando o servi\u00e7o at\u00e9 outubro, quando vence o contrato.<\/p>\n<p>A firma passou a ser respons\u00e1vel pela dragagem de toda a extens\u00e3o do canal, da Barra de Santos at\u00e9 a Alemoa. Mas para isso, ao inv\u00e9s de serem retirados 1,5 milh\u00e3o de metros c\u00fabicos de sedimentos apenas no Trecho 1 do canal (originalmente, a empresa foi contratada para dragar apenas essa \u00e1rea, que vai da barra at\u00e9 a Ponta da Praia), ser\u00e3o dragados 940 mil metros c\u00fabicos de sedimentos nos quatro trechos da via.<\/p>\n<p>Isto aconteceu ap\u00f3s a interrup\u00e7\u00e3o da obra por quatro meses, na regi\u00e3o entre a Torre Grande e a Alemoa. Por conta da paralisa\u00e7\u00e3o da obra, a Capitania restringiu as condi\u00e7\u00f5es de navega\u00e7\u00e3o, reduzindo o calado operacional (profundidade que pode ser atingida pelo navio).<\/p>\n<p>A limita\u00e7\u00e3o atingiu o canal de navega\u00e7\u00e3o, as bacias de evolu\u00e7\u00e3o (na Alemoa, em frente \u00e0 Brasil Terminal Portu\u00e1rio)e tr\u00eas ber\u00e7os de atraca\u00e7\u00e3o (no Macuco e na Ponta da Praia), causando preju\u00edzos \u00e0s instala\u00e7\u00f5es localizadas nessas regi\u00f5es.<\/p>\n<p>Fonte: Tribuna<\/p>\n","protected":false},"excerpt":{"rendered":"<p>No dia em que seriam abertas as propostas de pre\u00e7os das empresas interessadas em dragar o canal de navega\u00e7\u00e3o do Porto de Santos, a Companhia&#8230;<\/p>\n","protected":false},"author":1182,"featured_media":19106,"comment_status":"closed","ping_status":"closed","sticky":false,"template":"","format":"standard","meta":{"footnotes":""},"categories":[6],"tags":[],"class_list":["post-20337","post","type-post","status-publish","format-standard","has-post-thumbnail","hentry","category-noticias"],"_links":{"self":[{"href":"https:\/\/www.sincomam.org.br\/index.php\/wp-json\/wp\/v2\/posts\/20337","targetHints":{"allow":["GET"]}}],"collection":[{"href":"https:\/\/www.sincomam.org.br\/index.php\/wp-json\/wp\/v2\/posts"}],"about":[{"href":"https:\/\/www.sincomam.org.br\/index.php\/wp-json\/wp\/v2\/types\/post"}],"author":[{"embeddable":true,"href":"https:\/\/www.sincomam.org.br\/index.php\/wp-json\/wp\/v2\/users\/1182"}],"replies":[{"embeddable":true,"href":"https:\/\/www.sincomam.org.br\/index.php\/wp-json\/wp\/v2\/comments?post=20337"}],"version-history":[{"count":1,"href":"https:\/\/www.sincomam.org.br\/index.php\/wp-json\/wp\/v2\/posts\/20337\/revisions"}],"predecessor-version":[{"id":20338,"href":"https:\/\/www.sincomam.org.br\/index.php\/wp-json\/wp\/v2\/posts\/20337\/revisions\/20338"}],"wp:featuredmedia":[{"embeddable":true,"href":"https:\/\/www.sincomam.org.br\/index.php\/wp-json\/wp\/v2\/media\/19106"}],"wp:attachment":[{"href":"https:\/\/www.sincomam.org.br\/index.php\/wp-json\/wp\/v2\/media?parent=20337"}],"wp:term":[{"taxonomy":"category","embeddable":true,"href":"https:\/\/www.sincomam.org.br\/index.php\/wp-json\/wp\/v2\/categories?post=20337"},{"taxonomy":"post_tag","embeddable":true,"href":"https:\/\/www.sincomam.org.br\/index.php\/wp-json\/wp\/v2\/tags?post=20337"}],"curies":[{"name":"wp","href":"https:\/\/api.w.org\/{rel}","templated":true}]}}