{"id":20333,"date":"2016-07-29T00:00:49","date_gmt":"2016-07-29T03:00:49","guid":{"rendered":"http:\/\/sincomam.org.br\/?p=20333"},"modified":"2016-07-28T22:47:18","modified_gmt":"2016-07-29T01:47:18","slug":"homem-detido-no-rio-jurou-lealdade-ao-ei-na-siria","status":"publish","type":"post","link":"https:\/\/www.sincomam.org.br\/index.php\/homem-detido-no-rio-jurou-lealdade-ao-ei-na-siria\/","title":{"rendered":"Homem detido no Rio jurou lealdade ao EI na S\u00edria"},"content":{"rendered":"<div data-template-placeholder=\"content-placeholder\">\n<p>O brasileiro detido nesta quinta-feira no Rio de Janeiro\u00a0por suspeitas de ser simpatizante de grupos terroristas chegou a viajar \u00e0 S\u00edria para jurar lealdade ao Estado Isl\u00e2mico\u00a0(EI), segundo afirmou o ministro da Justi\u00e7a, Alexandre de Moraes.<\/p>\n<p>A deten\u00e7\u00e3o de um novo acusado de associa\u00e7\u00e3o ao terrorismo a apenas oito dias da abertura dos Jogos Ol\u00edmpicos do Rio de Janeiro se seguiu a outras 12 efetuadas na semana passada no marco de investiga\u00e7\u00f5es sobre a suposta atividade de terroristas que poderiam planejar atentados durante as Olimp\u00edadas do Rio.<\/p>\n<p>Segundo o ministro da Justi\u00e7a, Chaer Kalaoun, brasileiro de 34 anos, descendente de libaneses, de religi\u00e3o mu\u00e7ulmana e detido nesta quinta-feira em Nova Igua\u00e7u, na Baixada Fluminense, era vigiado pela pol\u00edcia por seus supostos contatos com grupos terroristas desde 2014, quando o Brasil organizou a Copa do Mundo.<\/p>\n<p>&#8220;Ele j\u00e1 tinha um envolvimento com entidades terroristas, uma liga\u00e7\u00e3o desde a Copa do Mundo. Ele certamente saiu do Brasil, esteve na S\u00edria, voltou ao Brasil, fez o juramento ao Estado Isl\u00e2mico&#8221;, afirmou Moraes a jornalistas.<\/p>\n<p>O ministro destacou que sua deten\u00e7\u00e3o, que n\u00e3o tem v\u00ednculo nenhum com as realizadas na semana passada, foi solicitada agora perante a necessidade de submet\u00ea-lo a um interrogat\u00f3rio para realizar uma investiga\u00e7\u00e3o mais detalhada.<\/p>\n<p>Moraes acrescentou que as deten\u00e7\u00f5es dos \u00faltimos dias foram poss\u00edveis gra\u00e7as \u00e0 entrada em vigor no Brasil h\u00e1 dois meses da Lei Antiterrorismo que concedeu \u00e0s autoridades mais poderes para prevenir atos de terrorismo.<\/p>\n<p>&#8220;Antes dessa lei n\u00e3o havia possibilidade de pedir a deten\u00e7\u00e3o de algu\u00e9m que estivesse preparando poss\u00edveis atos terroristas. Era preciso esperar que fizesse algo&#8221;, comentou.<\/p>\n<p>Kalaoun \u00e9 acusado formalmente de supostos v\u00ednculos com o Estado Isl\u00e2mico, de fazer apologia ao terrorismo e de defender, em conversas nas redes sociais, as a\u00e7\u00f5es violentas dessa organiza\u00e7\u00e3o.<\/p>\n<p>Na semana passada, o Minist\u00e9rio da Justi\u00e7a informou da deten\u00e7\u00e3o de 12 pessoas, todos brasileiros, que supostamente formavam o que foi qualificado como &#8220;c\u00e9lula&#8221; terrorista &#8220;amadora&#8221; e &#8220;desorganizada&#8221;.<\/p>\n<p>Segundo as autoridades, essas pessoas trocavam mensagens nas redes sociais nas quais exaltavam o Estado Isl\u00e2mico e inclusive buscavam adquirir armas atrav\u00e9s de vendedores clandestinos que operam no Paraguai.<\/p>\n<\/div>\n","protected":false},"excerpt":{"rendered":"<p>O brasileiro detido nesta quinta-feira no Rio de Janeiro\u00a0por suspeitas de ser simpatizante de grupos terroristas chegou a viajar \u00e0 S\u00edria para jurar lealdade ao&#8230;<\/p>\n","protected":false},"author":1182,"featured_media":20266,"comment_status":"closed","ping_status":"closed","sticky":false,"template":"","format":"standard","meta":{"footnotes":""},"categories":[6],"tags":[],"class_list":["post-20333","post","type-post","status-publish","format-standard","has-post-thumbnail","hentry","category-noticias"],"_links":{"self":[{"href":"https:\/\/www.sincomam.org.br\/index.php\/wp-json\/wp\/v2\/posts\/20333","targetHints":{"allow":["GET"]}}],"collection":[{"href":"https:\/\/www.sincomam.org.br\/index.php\/wp-json\/wp\/v2\/posts"}],"about":[{"href":"https:\/\/www.sincomam.org.br\/index.php\/wp-json\/wp\/v2\/types\/post"}],"author":[{"embeddable":true,"href":"https:\/\/www.sincomam.org.br\/index.php\/wp-json\/wp\/v2\/users\/1182"}],"replies":[{"embeddable":true,"href":"https:\/\/www.sincomam.org.br\/index.php\/wp-json\/wp\/v2\/comments?post=20333"}],"version-history":[{"count":1,"href":"https:\/\/www.sincomam.org.br\/index.php\/wp-json\/wp\/v2\/posts\/20333\/revisions"}],"predecessor-version":[{"id":20334,"href":"https:\/\/www.sincomam.org.br\/index.php\/wp-json\/wp\/v2\/posts\/20333\/revisions\/20334"}],"wp:featuredmedia":[{"embeddable":true,"href":"https:\/\/www.sincomam.org.br\/index.php\/wp-json\/wp\/v2\/media\/20266"}],"wp:attachment":[{"href":"https:\/\/www.sincomam.org.br\/index.php\/wp-json\/wp\/v2\/media?parent=20333"}],"wp:term":[{"taxonomy":"category","embeddable":true,"href":"https:\/\/www.sincomam.org.br\/index.php\/wp-json\/wp\/v2\/categories?post=20333"},{"taxonomy":"post_tag","embeddable":true,"href":"https:\/\/www.sincomam.org.br\/index.php\/wp-json\/wp\/v2\/tags?post=20333"}],"curies":[{"name":"wp","href":"https:\/\/api.w.org\/{rel}","templated":true}]}}