{"id":20324,"date":"2016-07-28T10:12:38","date_gmt":"2016-07-28T13:12:38","guid":{"rendered":"http:\/\/sincomam.org.br\/?p=20324"},"modified":"2016-07-28T10:12:38","modified_gmt":"2016-07-28T13:12:38","slug":"meirelles-negocia-com-temer-tirar-orcamento-do-planejamento","status":"publish","type":"post","link":"https:\/\/www.sincomam.org.br\/index.php\/meirelles-negocia-com-temer-tirar-orcamento-do-planejamento\/","title":{"rendered":"Meirelles negocia com Temer tirar Or\u00e7amento do Planejamento"},"content":{"rendered":"<p>O ministro da Fazenda, Henrique Meirelles, pediu que a Secretaria do Or\u00e7amento, hoje no Minist\u00e9rio do Planejamento, seja transferida para sua pasta.<\/p>\n<p>A mudan\u00e7a, que ainda \u00e9 tratada de forma reservada, est\u00e1 sendo discutida diretamente entre a equipe econ\u00f4mica e o presidente em exerc\u00edcio Michel Temer. Com mais poderes, Meirelles passaria a ter controle maior sobre os gastos da Uni\u00e3o.<\/p>\n<p>No modelo atual, o Planejamento libera os tr\u00e2mites or\u00e7ament\u00e1rios para os gastos, mas o pagamento \u00e9 feito pelo Tesouro Nacional, subordinado \u00e0 Fazenda.<\/p>\n<p>Muitas vezes, esses movimentos n\u00e3o s\u00e3o harm\u00f4nicos. O tema \u00e9 delicado porque, na pr\u00e1tica, a transfer\u00eancia da Secretaria de Or\u00e7amento vai esvaziar o Minist\u00e9rio do Planejamento, que depois da sa\u00edda do senador Romero Juc\u00e1 (PMDB-RO) est\u00e1 sob o comando interino do ministro Dyogo Oliveira.<\/p>\n<p>O movimento aumentaria ainda mais o cacife de Meirelles no governo. Ele j\u00e1 anexou a Secretaria de Previd\u00eancia, que at\u00e9 o in\u00edcio da gest\u00e3o de Temer era vinculada ao Minist\u00e9rio do Trabalho e da Previd\u00eancia.<\/p>\n<p>Depois do afastamento da presidente Dilma Rousseff, Temer promoveu essa reestrutura\u00e7\u00e3o para sinalizar o compromisso com a reforma previdenci\u00e1ria.<\/p>\n<p>A proposta da Fazenda deve sofrer resist\u00eancias, sobretudo, da ala pol\u00edtica do governo, que faz contraponto a Meirelles. Segundo fontes contr\u00e1rias, a mudan\u00e7a pode trazer &#8220;instabilidade&#8221; na Esplanada.<\/p>\n<p>O contraponto entre Fazenda e Planejamento \u00e9 considerado, por muitos, saud\u00e1vel.<\/p>\n<p><b>Boca do caixa<\/b><\/p>\n<p>A equipe de Meirelles quer evitar o chamado controle na &#8220;boca de caixa&#8221;, que \u00e9 tradicionalmente feito pelo Tesouro quando precisa frear o pagamento das despesas. Isso ocorre quando as autoriza\u00e7\u00f5es do Planejamento s\u00e3o maiores do que o volume dispon\u00edvel para o cumprimento da meta fiscal.<\/p>\n<p>O efeito colateral dessa pr\u00e1tica \u00e9 o aumento dos &#8220;restos a pagar&#8221;, despesas que s\u00e3o transferidas de um ano para outro. Nos \u00faltimos anos, esse volume cresceu de tal forma que, na pr\u00e1tica, essa conta funciona como uma esp\u00e9cie de or\u00e7amento paralelo.<\/p>\n<p>As duas \u00e1reas (financeira e or\u00e7ament\u00e1ria) nem sempre andam juntas, o que gerou, no passado, disputas hist\u00f3ricas entre ministros das duas pastas.<\/p>\n<p>O embate chegou ao seu n\u00edvel m\u00e1ximo durante a gest\u00e3o de Joaquim Levy, na Fazenda, e Nelson Barbosa, no Planejamento, durante o segundo mandato de Dilma Rousseff.<\/p>\n<p>Quando mais tarde Barbosa assumiu o comando da Fazenda, o ministro passou, na pr\u00e1tica, a ter o comando das duas \u00e1reas e as disputas cessaram.<\/p>\n<p>&#8220;Tem de alinhar o or\u00e7ament\u00e1rio com o financeiro. Como vamos fazer? Ainda estamos discutindo&#8221;, disse uma fonte da \u00e1rea econ\u00f4mica.<\/p>\n<p>&#8220;Essa ideia que permaneceu do passado de ficar segurando na boca do caixa n\u00e3o funciona mais.&#8221;<\/p>\n<p><b>Diverg\u00eancias<\/b><\/p>\n<p>Nos bastidores do Planalto, n\u00e3o \u00e9 segredo que h\u00e1 diverg\u00eancias entre o ministro da Fazenda, Henrique Meirelles, e o interino do Planejamento, Dyogo Oliveira.<\/p>\n<p>O estresse chegou ao ponto de esse ter sido o tema de uma conversa, na ter\u00e7a-feira, de Meirelles com o presidente em exerc\u00edcio Michel Temer.<\/p>\n<p>Remanescente da equipe de Dilma Rousseff, Dyogo desperta desconfian\u00e7a em outros colegas de minist\u00e9rio. At\u00e9 os n\u00fameros apresentados por ele seriam alvo de desconfian\u00e7a do entorno de Temer.<\/p>\n<p>O interino do Planejamento \u00e9 tamb\u00e9m suspeito de &#8220;vazar&#8221; informa\u00e7\u00f5es e de causar ru\u00eddos na comunica\u00e7\u00e3o da equipe econ\u00f4mica com o mercado.<\/p>\n<p>Apesar do desconforto, n\u00e3o h\u00e1 previs\u00e3o de que Dyogo seja substitu\u00eddo. <\/p>\n<p>As informa\u00e7\u00f5es s\u00e3o do jornal O Estado de S. Paulo.<\/p>\n","protected":false},"excerpt":{"rendered":"<p>O ministro da Fazenda, Henrique Meirelles, pediu que a Secretaria do Or\u00e7amento, hoje no Minist\u00e9rio do Planejamento, seja transferida para sua pasta. A mudan\u00e7a, que&#8230;<\/p>\n","protected":false},"author":1182,"featured_media":19487,"comment_status":"closed","ping_status":"closed","sticky":false,"template":"","format":"standard","meta":{"footnotes":""},"categories":[6],"tags":[],"class_list":["post-20324","post","type-post","status-publish","format-standard","has-post-thumbnail","hentry","category-noticias"],"_links":{"self":[{"href":"https:\/\/www.sincomam.org.br\/index.php\/wp-json\/wp\/v2\/posts\/20324","targetHints":{"allow":["GET"]}}],"collection":[{"href":"https:\/\/www.sincomam.org.br\/index.php\/wp-json\/wp\/v2\/posts"}],"about":[{"href":"https:\/\/www.sincomam.org.br\/index.php\/wp-json\/wp\/v2\/types\/post"}],"author":[{"embeddable":true,"href":"https:\/\/www.sincomam.org.br\/index.php\/wp-json\/wp\/v2\/users\/1182"}],"replies":[{"embeddable":true,"href":"https:\/\/www.sincomam.org.br\/index.php\/wp-json\/wp\/v2\/comments?post=20324"}],"version-history":[{"count":1,"href":"https:\/\/www.sincomam.org.br\/index.php\/wp-json\/wp\/v2\/posts\/20324\/revisions"}],"predecessor-version":[{"id":20325,"href":"https:\/\/www.sincomam.org.br\/index.php\/wp-json\/wp\/v2\/posts\/20324\/revisions\/20325"}],"wp:featuredmedia":[{"embeddable":true,"href":"https:\/\/www.sincomam.org.br\/index.php\/wp-json\/wp\/v2\/media\/19487"}],"wp:attachment":[{"href":"https:\/\/www.sincomam.org.br\/index.php\/wp-json\/wp\/v2\/media?parent=20324"}],"wp:term":[{"taxonomy":"category","embeddable":true,"href":"https:\/\/www.sincomam.org.br\/index.php\/wp-json\/wp\/v2\/categories?post=20324"},{"taxonomy":"post_tag","embeddable":true,"href":"https:\/\/www.sincomam.org.br\/index.php\/wp-json\/wp\/v2\/tags?post=20324"}],"curies":[{"name":"wp","href":"https:\/\/api.w.org\/{rel}","templated":true}]}}