{"id":20314,"date":"2016-07-27T00:12:37","date_gmt":"2016-07-27T03:12:37","guid":{"rendered":"http:\/\/www.sincomam.org.br\/?p=20314"},"modified":"2016-07-27T00:12:37","modified_gmt":"2016-07-27T03:12:37","slug":"defesa-de-dilma-pede-para-adiar-entrega-de-alegacoes-finais","status":"publish","type":"post","link":"https:\/\/www.sincomam.org.br\/index.php\/defesa-de-dilma-pede-para-adiar-entrega-de-alegacoes-finais\/","title":{"rendered":"Defesa de Dilma pede para adiar entrega de alega\u00e7\u00f5es finais"},"content":{"rendered":"<div data-template-placeholder=\"content-placeholder\">\n<p>A defesa da presidente afastada Dilma Rousseff\u00a0protocolou um pedido de prorroga\u00e7\u00e3o do prazo de entrega das alega\u00e7\u00f5es finais do processo de impeachment.\u00a0<\/p>\n<p>A defesa alega que enfrentou problemas no acesso ao processo pelo site do Senado e requer mais dois dias de prazo.<\/p>\n<p>As alega\u00e7\u00f5es finais da defesa deveriam ser entregues nessa quarta-feira, 27, at\u00e9 \u00e0s 18h, totalizando 15 dias de prazo. De acordo com o pedido feito pelos advogados da presidente, entretanto, o acesso ao processo no site do Senado Federal esteve indispon\u00edvel por dois dias.<\/p>\n<p>No documento, a defesa pede a reposi\u00e7\u00e3o dos dias perdidos e autoriza\u00e7\u00e3o para entregar as alega\u00e7\u00f5es finais apenas na sexta-feira, 29.<\/p>\n<p>De acordo com os advogados, o pedido tem base legal na Lei de Processo Eletr\u00f4nico e visa garantir o amplo direito de defesa da presidente. A decis\u00e3o, entretanto, cabe ao presidente da Comiss\u00e3o Especial de Impeachment, senador Raimundo Lira (PMDB-PB), a quem o pedido foi dirigido.<\/p>\n<div>Fonte: Exame<\/div>\n<\/div>\n","protected":false},"excerpt":{"rendered":"<p>A defesa da presidente afastada Dilma Rousseff\u00a0protocolou um pedido de prorroga\u00e7\u00e3o do prazo de entrega das alega\u00e7\u00f5es finais do processo de impeachment.\u00a0 A defesa alega&#8230;<\/p>\n","protected":false},"author":1182,"featured_media":18128,"comment_status":"closed","ping_status":"closed","sticky":false,"template":"","format":"standard","meta":{"footnotes":""},"categories":[6],"tags":[],"class_list":["post-20314","post","type-post","status-publish","format-standard","has-post-thumbnail","hentry","category-noticias"],"_links":{"self":[{"href":"https:\/\/www.sincomam.org.br\/index.php\/wp-json\/wp\/v2\/posts\/20314","targetHints":{"allow":["GET"]}}],"collection":[{"href":"https:\/\/www.sincomam.org.br\/index.php\/wp-json\/wp\/v2\/posts"}],"about":[{"href":"https:\/\/www.sincomam.org.br\/index.php\/wp-json\/wp\/v2\/types\/post"}],"author":[{"embeddable":true,"href":"https:\/\/www.sincomam.org.br\/index.php\/wp-json\/wp\/v2\/users\/1182"}],"replies":[{"embeddable":true,"href":"https:\/\/www.sincomam.org.br\/index.php\/wp-json\/wp\/v2\/comments?post=20314"}],"version-history":[{"count":1,"href":"https:\/\/www.sincomam.org.br\/index.php\/wp-json\/wp\/v2\/posts\/20314\/revisions"}],"predecessor-version":[{"id":20315,"href":"https:\/\/www.sincomam.org.br\/index.php\/wp-json\/wp\/v2\/posts\/20314\/revisions\/20315"}],"wp:featuredmedia":[{"embeddable":true,"href":"https:\/\/www.sincomam.org.br\/index.php\/wp-json\/wp\/v2\/media\/18128"}],"wp:attachment":[{"href":"https:\/\/www.sincomam.org.br\/index.php\/wp-json\/wp\/v2\/media?parent=20314"}],"wp:term":[{"taxonomy":"category","embeddable":true,"href":"https:\/\/www.sincomam.org.br\/index.php\/wp-json\/wp\/v2\/categories?post=20314"},{"taxonomy":"post_tag","embeddable":true,"href":"https:\/\/www.sincomam.org.br\/index.php\/wp-json\/wp\/v2\/tags?post=20314"}],"curies":[{"name":"wp","href":"https:\/\/api.w.org\/{rel}","templated":true}]}}