{"id":20302,"date":"2016-07-27T00:15:41","date_gmt":"2016-07-27T03:15:41","guid":{"rendered":"http:\/\/www.sincomam.org.br\/?p=20302"},"modified":"2016-07-27T00:00:03","modified_gmt":"2016-07-27T03:00:03","slug":"aeronaves-da-marinha-batem-e-uma-delas-cai-no-mar-no-rj","status":"publish","type":"post","link":"https:\/\/www.sincomam.org.br\/index.php\/aeronaves-da-marinha-batem-e-uma-delas-cai-no-mar-no-rj\/","title":{"rendered":"Aeronaves da Marinha batem, e uma delas cai no mar no RJ"},"content":{"rendered":"<p>A colis\u00e3o de dois ca\u00e7as da Marinha, durante um treinamento militar, derrubou um deles no mar, na tarde desta ter\u00e7a (26), pr\u00f3ximo \u00e0 Saquarema (RJ), na regi\u00e3o dos Lagos. A outra aeronave conseguiu pousar em terra, mas tamb\u00e9m ficou danificada.<\/p>\n<p>A Marinha abriu um inqu\u00e9rito para apurar o que causou o acidente, que aconteceu quando duas aeronaves AF-1B treinavam ataque a alvos de superf\u00edcie com a fragata Liberal, a cerca de 100 quil\u00f4metros do litoral do munic\u00edpio de Saquarema.<\/p>\n<p>De acordo com a Marinha, o piloto do ca\u00e7a que afundou estava sendo procurado por equipes de militares em embarca\u00e7\u00f5es e helic\u00f3pteros, junto com o Corpo de Bombeiros. Em nota, a For\u00e7a afirmou que houve uma &#8220;prov\u00e1vel eje\u00e7\u00e3o do piloto&#8221;, que n\u00e3o foi identificado.<\/p>\n<p>Corpo de Bombeiros faz busca de ca\u00e7a da Marinha que caiu no mar em Saquarema (RJ).\u00a0O AF-1B que caiu foi encontrado e uma opera\u00e7\u00e3o foi montada para retir\u00e1-lo do mar. Tanto ele quanto a outra aeronave fizeram parte do programa de moderniza\u00e7\u00e3o de 12 ca\u00e7as da Marinha feito pelo Minist\u00e9rio da Defesa para os Grandes Eventos.<\/p>\n<p>Iniciado em 2012, o projeto pretendia preparar todas as aeronaves para a Copa do Mundo de 2014, mas n\u00e3o conseguiu concluir a prepara\u00e7\u00e3o em tempo h\u00e1bil. Elas estavam prontas para atuar na Olimp\u00edada, caso fosse necess\u00e1rio.<\/p>\n<p>Os avi\u00f5es modernizados cuidariam do controle do espa\u00e7o a\u00e9reo nos Jogos, que ter\u00e3o in\u00edcio em dez dias.\u00a0O Minist\u00e9rio da Defesa investiu R$ 790 milh\u00f5es no programa de moderniza\u00e7\u00e3o destinado \u00e0 Marinha, \u00e0 Aeron\u00e1utica e ao Ex\u00e9rcito.\u00a0Durante o exerc\u00edcio, ao se afastarem da fragata simultaneamente, para simular uma nova forma\u00e7\u00e3o de ataque, os dois ca\u00e7as colidiram no ar.<\/p>\n<p>Uma das aeronaves conseguiu retornar e pousar, em seguran\u00e7a, na Base A\u00e9rea Naval de S\u00e3o Pedro da Aldeia, a 59 quil\u00f4metros de Saquarema, na regi\u00e3o dos Lagos.\u00a0Em nota, a For\u00e7a informou que est\u00e1 dando &#8220;apoio \u00e0 fam\u00edlia do militar&#8221; que caiu no mar e at\u00e9, \u00e0s 20h desta ter\u00e7a (26), permanecia desaparecido.\u00a0O AF-1B foi projetado para a avia\u00e7\u00e3o militar dos Estados Unidos na d\u00e9cada de 1950. O modelo da Marinha foi constru\u00eddo no final da d\u00e9cada de 1970. Em 1998, o Brasil comprou 23 ca\u00e7as das For\u00e7as Armadas do Kwait. Al\u00e9m do Brasil, as for\u00e7as a\u00e9reas da Argentina e de Israel possuem a mesma aeronave.<\/p>\n<p><strong>FOR\u00c7A A\u00c9REA<\/strong><\/p>\n<p>H\u00e1 20 dias, uma outra aeronave, essa da For\u00e7a A\u00e9rea Brasileira, caiu em Santa Cruz, na zona oeste do Rio. Os dois tripulantes se salvaram. Na ocasi\u00e3o, eles conseguiram ejetar e pousar em terra, segundo nota da FAB.<\/p>\n<p>A aeronave caiu em uma \u00e1rea desabitada da pr\u00f3pria base a\u00e9rea. Ningu\u00e9m ficou ferido no acidente. O ca\u00e7a da Aeron\u00e1utica tamb\u00e9m havia sido modernizado pela For\u00e7a: era F5-FM Tiger. Bombeiros da pr\u00f3pria FAB \u00e9 que chegaram ao local. Um inqu\u00e9rito foi aberto para apurar as causas do acidente.<\/p>\n<p><strong>CONTROLE A\u00c9REO<\/strong><\/p>\n<p>Desde 20 de julho teve in\u00edcio o controle do espa\u00e7o a\u00e9reo do Rio para a Olimp\u00edada. A Aeron\u00e1utica ir\u00e1 monitorar, no dia da abertura do evento, em 5 de agosto, por exemplo, mil pousos e decolagens de aeronaves executivas e cerca de 700 voos comerciais somente nos aeroportos Santos Dumont e Gale\u00e3o, no Rio. Qualquer aeronave que entre no espa\u00e7o a\u00e9reo delimitado pode ser interceptada e at\u00e9 abatida, o que \u00e9 considerada pelos militares uma medida extrema e que depende de decis\u00e3o da presid\u00eancia da Rep\u00fablica.<\/p>\n<p><strong>ESPA\u00c7O A\u00c9REO FECHADO<\/strong><\/p>\n<p>De 24 de julho a 22 de agosto sobrevoo em cinco \u00e1reas do Rio ser\u00e1 restrito <br \/>De 24 de julho a 22 de agosto sobrevoo em cinco \u00e1reas do Rio ser\u00e1 restrito Editoria de Arte\/Folhapress<\/p>\n","protected":false},"excerpt":{"rendered":"<p>A colis\u00e3o de dois ca\u00e7as da Marinha, durante um treinamento militar, derrubou um deles no mar, na tarde desta ter\u00e7a (26), pr\u00f3ximo \u00e0 Saquarema (RJ),&#8230;<\/p>\n","protected":false},"author":1182,"featured_media":20303,"comment_status":"closed","ping_status":"closed","sticky":false,"template":"","format":"standard","meta":{"footnotes":""},"categories":[6],"tags":[],"class_list":["post-20302","post","type-post","status-publish","format-standard","has-post-thumbnail","hentry","category-noticias"],"_links":{"self":[{"href":"https:\/\/www.sincomam.org.br\/index.php\/wp-json\/wp\/v2\/posts\/20302","targetHints":{"allow":["GET"]}}],"collection":[{"href":"https:\/\/www.sincomam.org.br\/index.php\/wp-json\/wp\/v2\/posts"}],"about":[{"href":"https:\/\/www.sincomam.org.br\/index.php\/wp-json\/wp\/v2\/types\/post"}],"author":[{"embeddable":true,"href":"https:\/\/www.sincomam.org.br\/index.php\/wp-json\/wp\/v2\/users\/1182"}],"replies":[{"embeddable":true,"href":"https:\/\/www.sincomam.org.br\/index.php\/wp-json\/wp\/v2\/comments?post=20302"}],"version-history":[{"count":1,"href":"https:\/\/www.sincomam.org.br\/index.php\/wp-json\/wp\/v2\/posts\/20302\/revisions"}],"predecessor-version":[{"id":20304,"href":"https:\/\/www.sincomam.org.br\/index.php\/wp-json\/wp\/v2\/posts\/20302\/revisions\/20304"}],"wp:featuredmedia":[{"embeddable":true,"href":"https:\/\/www.sincomam.org.br\/index.php\/wp-json\/wp\/v2\/media\/20303"}],"wp:attachment":[{"href":"https:\/\/www.sincomam.org.br\/index.php\/wp-json\/wp\/v2\/media?parent=20302"}],"wp:term":[{"taxonomy":"category","embeddable":true,"href":"https:\/\/www.sincomam.org.br\/index.php\/wp-json\/wp\/v2\/categories?post=20302"},{"taxonomy":"post_tag","embeddable":true,"href":"https:\/\/www.sincomam.org.br\/index.php\/wp-json\/wp\/v2\/tags?post=20302"}],"curies":[{"name":"wp","href":"https:\/\/api.w.org\/{rel}","templated":true}]}}