{"id":20291,"date":"2016-07-26T01:00:20","date_gmt":"2016-07-26T04:00:20","guid":{"rendered":"http:\/\/www.sincomam.org.br\/?p=20291"},"modified":"2016-07-25T19:08:37","modified_gmt":"2016-07-25T22:08:37","slug":"terminal-de-porto-murtinho-integra-multimodal-para-o-transporte-de-45-mil-toneladas-ate-a-bolivia","status":"publish","type":"post","link":"https:\/\/www.sincomam.org.br\/index.php\/terminal-de-porto-murtinho-integra-multimodal-para-o-transporte-de-45-mil-toneladas-ate-a-bolivia\/","title":{"rendered":"Terminal de Porto Murtinho integra multimodal para o transporte de 4,5 mil toneladas at\u00e9 a Bol\u00edvia"},"content":{"rendered":"<p>O terminal portu\u00e1rio de Porto Murtinho foi contratado para integrar uma opera\u00e7\u00e3o multimodal de transporte de 4.500 toneladas de a\u00e7o bruto, at\u00e9 a Bol\u00edvia. A primeira parcela da carga chegou ao local no dia 12 de julho, vindo do munic\u00edpio de Piracicaba (SP), da empresa Arcelor Mittal Brasil S\/A, em um comboio formado por 20 carretas, com 35 toneladas cada ve\u00edculo. A carga chegou a Porto Murtinho por via rodovi\u00e1ria, segue pela hidrovia do Rio Paraguai at\u00e9 a cidade de Puerto Quijarro, na prov\u00edncia de Germ\u00e1n Busch, no leste do Departamento de Santa Cruz, na Bol\u00edvia, de onde segue de ferrovia at\u00e9 seu destino final.<\/p>\n<p>De acordo com o diretor da Ag\u00eancia Portu\u00e1ria de Porto Murtinho (APPM), Michel Chaim, \u201cesse embarque refor\u00e7a a import\u00e2ncia do Terminal de Porto Murtinho como uma pe\u00e7a estrat\u00e9gica nas opera\u00e7\u00f5es multimodais de cargas em Mato Grosso do Sul\u201d. Chaim lembra ainda que a opera\u00e7\u00e3o \u00e9 resultado de um esfor\u00e7o conjunto com o governo do Estado \u201cpara estabelecer o porto como uma op\u00e7\u00e3o log\u00edstica no Estado. Estamos trabalhando na estrutura e fazendo investimentos\u201d.<\/p>\n<p>A opera\u00e7\u00e3o realizada no terminal de Porto Murtinho \u2013 a terceira, desde a sua reativa\u00e7\u00e3o em outubro de 2015 \u2013 \u00e9 resultado dos esfor\u00e7os do governo do Estado, por meio do Programa de Est\u00edmulo \u00e0 Exporta\u00e7\u00e3o ou Importa\u00e7\u00e3o pelo Porto de Porto Murtinho (PROEIP). O programa foi institu\u00eddo por meio de decreto que prev\u00ea o oferecimento de benef\u00edcios a empreendimentos que se instalarem no entorno do local. O PROEIP \u00e9 executado pela Secretaria de Meio Ambiente e Desenvolvimento Econ\u00f4mico (Semade) e Secretaria de Fazenda (Sefaz).<\/p>\n<p>\u201cAl\u00e9m do decreto instituindo o PROEIP, o governador Reinaldo Azambuja assinou no m\u00eas de mar\u00e7o deste ano o termo para o fomento dos portos de Lad\u00e1rio e Corumb\u00e1 \u2013 durante a Rota do Desenvolvimento. Esses dois terminais tamb\u00e9m receber\u00e3o benef\u00edcios fiscais do governo, semelhantes aos previstos no PROEIP, de Porto Murtinho\u201d, lembra o secret\u00e1rio de Meio Ambiente e Desenvolvimento Econ\u00f4mico, Jaime Verruck.<\/p>\n<p>Segundo a prefeitura de Porto Murtinho, desde que o terminal portu\u00e1rio foi reativado pelo governo do Estado, j\u00e1 foram abertos 20 empregos diretos e outros 50 postos indiretos no local.<\/p>\n<p>Fonte: Portos e Navios<\/p>\n","protected":false},"excerpt":{"rendered":"<p>O terminal portu\u00e1rio de Porto Murtinho foi contratado para integrar uma opera\u00e7\u00e3o multimodal de transporte de 4.500 toneladas de a\u00e7o bruto, at\u00e9 a Bol\u00edvia. A&#8230;<\/p>\n","protected":false},"author":1182,"featured_media":20292,"comment_status":"closed","ping_status":"closed","sticky":false,"template":"","format":"standard","meta":{"footnotes":""},"categories":[6],"tags":[],"class_list":["post-20291","post","type-post","status-publish","format-standard","has-post-thumbnail","hentry","category-noticias"],"_links":{"self":[{"href":"https:\/\/www.sincomam.org.br\/index.php\/wp-json\/wp\/v2\/posts\/20291","targetHints":{"allow":["GET"]}}],"collection":[{"href":"https:\/\/www.sincomam.org.br\/index.php\/wp-json\/wp\/v2\/posts"}],"about":[{"href":"https:\/\/www.sincomam.org.br\/index.php\/wp-json\/wp\/v2\/types\/post"}],"author":[{"embeddable":true,"href":"https:\/\/www.sincomam.org.br\/index.php\/wp-json\/wp\/v2\/users\/1182"}],"replies":[{"embeddable":true,"href":"https:\/\/www.sincomam.org.br\/index.php\/wp-json\/wp\/v2\/comments?post=20291"}],"version-history":[{"count":1,"href":"https:\/\/www.sincomam.org.br\/index.php\/wp-json\/wp\/v2\/posts\/20291\/revisions"}],"predecessor-version":[{"id":20293,"href":"https:\/\/www.sincomam.org.br\/index.php\/wp-json\/wp\/v2\/posts\/20291\/revisions\/20293"}],"wp:featuredmedia":[{"embeddable":true,"href":"https:\/\/www.sincomam.org.br\/index.php\/wp-json\/wp\/v2\/media\/20292"}],"wp:attachment":[{"href":"https:\/\/www.sincomam.org.br\/index.php\/wp-json\/wp\/v2\/media?parent=20291"}],"wp:term":[{"taxonomy":"category","embeddable":true,"href":"https:\/\/www.sincomam.org.br\/index.php\/wp-json\/wp\/v2\/categories?post=20291"},{"taxonomy":"post_tag","embeddable":true,"href":"https:\/\/www.sincomam.org.br\/index.php\/wp-json\/wp\/v2\/tags?post=20291"}],"curies":[{"name":"wp","href":"https:\/\/api.w.org\/{rel}","templated":true}]}}