{"id":20286,"date":"2016-07-26T00:10:54","date_gmt":"2016-07-26T03:10:54","guid":{"rendered":"http:\/\/www.sincomam.org.br\/?p=20286"},"modified":"2016-07-25T19:04:19","modified_gmt":"2016-07-25T22:04:19","slug":"obras-no-rio-sao-de-responsabilidade-do-coi-diz-padilha","status":"publish","type":"post","link":"https:\/\/www.sincomam.org.br\/index.php\/obras-no-rio-sao-de-responsabilidade-do-coi-diz-padilha\/","title":{"rendered":"Obras no Rio s\u00e3o de responsabilidade do COI, diz Padilha"},"content":{"rendered":"<p>Ap\u00f3s as reclama\u00e7\u00f5es da delega\u00e7\u00e3o da Austr\u00e1lia<b>\u00a0<\/b>sobre as condi\u00e7\u00f5es da Vila Ol\u00edmpica, no Rio, o ministro da Casa Civil, Eliseu Padilha, afirmou que as obras s\u00e3o de responsabilidade do Comit\u00ea Ol\u00edmpico Internacional (COI) e que o governo brasileiro &#8220;n\u00e3o tem absolutamente nenhuma participa\u00e7\u00e3o nisso&#8221;.<\/p>\n<p>&#8220;Claro que n\u00e3o \u00e9 agrad\u00e1vel a declara\u00e7\u00e3o que n\u00f3s temos que ouvir e temos que corrigir isso imediatamente para que se possa virar essa p\u00e1gina&#8221;, disse nesta segunda-feira.<\/p>\n<p>Padilha disse ainda acreditar que o caso da Austr\u00e1lia \u00e9 &#8220;isolado&#8221;. &#8220;Respeitamos a opini\u00e3o de todos aqueles que v\u00eam ao Brasil e queremos que eles saiam daqui com a melhor das impress\u00f5es&#8221;.\u00a0<\/p>\n<p>O ministro afirmou que, al\u00e9m das cr\u00edticas, h\u00e1 tamb\u00e9m elogios em rela\u00e7\u00e3o \u00e0 organiza\u00e7\u00e3o dos Jogos. &#8220;Temos outras declara\u00e7\u00f5es de atletas que l\u00e1 est\u00e3o que est\u00e3o achando que est\u00e1 muito bom, mil maravilhas&#8221;, afirmou.<\/p>\n<p>No \u00faltimo domingo, a aguardada abertura oficial da Vila dos Atletas foi marcada por um duro protesto da delega\u00e7\u00e3o australiana que se negou a ocupar seus quartos por consider\u00e1-los &#8220;inabit\u00e1veis&#8221;.\u00a0<\/p>\n<p>As reclama\u00e7\u00f5es apontavam para problemas nas redes el\u00e9trica, hidr\u00e1ulica e de g\u00e1s, mesmo que se tratasse de um edif\u00edcio completamente novo e com apartamentos considerados de alto padr\u00e3o. O im\u00f3vel tamb\u00e9m estava sujo.<\/p>\n<p>Fonte: Exame<\/p>\n","protected":false},"excerpt":{"rendered":"<p>Ap\u00f3s as reclama\u00e7\u00f5es da delega\u00e7\u00e3o da Austr\u00e1lia\u00a0sobre as condi\u00e7\u00f5es da Vila Ol\u00edmpica, no Rio, o ministro da Casa Civil, Eliseu Padilha, afirmou que as obras&#8230;<\/p>\n","protected":false},"author":1182,"featured_media":20287,"comment_status":"closed","ping_status":"closed","sticky":false,"template":"","format":"standard","meta":{"footnotes":""},"categories":[6],"tags":[],"class_list":["post-20286","post","type-post","status-publish","format-standard","has-post-thumbnail","hentry","category-noticias"],"_links":{"self":[{"href":"https:\/\/www.sincomam.org.br\/index.php\/wp-json\/wp\/v2\/posts\/20286","targetHints":{"allow":["GET"]}}],"collection":[{"href":"https:\/\/www.sincomam.org.br\/index.php\/wp-json\/wp\/v2\/posts"}],"about":[{"href":"https:\/\/www.sincomam.org.br\/index.php\/wp-json\/wp\/v2\/types\/post"}],"author":[{"embeddable":true,"href":"https:\/\/www.sincomam.org.br\/index.php\/wp-json\/wp\/v2\/users\/1182"}],"replies":[{"embeddable":true,"href":"https:\/\/www.sincomam.org.br\/index.php\/wp-json\/wp\/v2\/comments?post=20286"}],"version-history":[{"count":1,"href":"https:\/\/www.sincomam.org.br\/index.php\/wp-json\/wp\/v2\/posts\/20286\/revisions"}],"predecessor-version":[{"id":20288,"href":"https:\/\/www.sincomam.org.br\/index.php\/wp-json\/wp\/v2\/posts\/20286\/revisions\/20288"}],"wp:featuredmedia":[{"embeddable":true,"href":"https:\/\/www.sincomam.org.br\/index.php\/wp-json\/wp\/v2\/media\/20287"}],"wp:attachment":[{"href":"https:\/\/www.sincomam.org.br\/index.php\/wp-json\/wp\/v2\/media?parent=20286"}],"wp:term":[{"taxonomy":"category","embeddable":true,"href":"https:\/\/www.sincomam.org.br\/index.php\/wp-json\/wp\/v2\/categories?post=20286"},{"taxonomy":"post_tag","embeddable":true,"href":"https:\/\/www.sincomam.org.br\/index.php\/wp-json\/wp\/v2\/tags?post=20286"}],"curies":[{"name":"wp","href":"https:\/\/api.w.org\/{rel}","templated":true}]}}