{"id":20265,"date":"2016-07-25T00:10:21","date_gmt":"2016-07-25T03:10:21","guid":{"rendered":"http:\/\/sincomam.org.br\/?p=20265"},"modified":"2016-07-24T20:25:51","modified_gmt":"2016-07-24T23:25:51","slug":"mais-de-47-mil-militares-tomam-ruas-da-orla-do-rio","status":"publish","type":"post","link":"https:\/\/www.sincomam.org.br\/index.php\/mais-de-47-mil-militares-tomam-ruas-da-orla-do-rio\/","title":{"rendered":"Mais de 47 mil militares tomam ruas da orla do Rio"},"content":{"rendered":"<p>Militares ocupam desde a 0 hora deste domingo, a orla do Rio de Janeiro\u00a0e instala\u00e7\u00f5es estrat\u00e9gicas da capital fluminense como esta\u00e7\u00f5es de trem, de distribui\u00e7\u00e3o de \u00e1gua\u00a0e de energia\u00a0e as usinas nucleares de Angra 1 e Angra 2 e a Refinaria Duque de Caxias da Petrobr\u00e1s. \u00c9 o in\u00edcio oficial da opera\u00e7\u00e3o de seguran\u00e7a das For\u00e7as Armadas para os Jogos Ol\u00edmpicos de 2016, iniciada em meio ao aumento de alerta para ataques terroristas.<\/p>\n<p>Blindados foram posicionados nas vias expressas e na Transol\u00edmpica, que liga a Barra da Tijuca a Deodoro, na zona oeste, bairros com as principais arenas ol\u00edmpicas. Vinte e dois mil pra\u00e7as e oficiais estar\u00e3o no Rio, durante os Jogos. Ser\u00e3o 47 mil agentes de seguran\u00e7a, levando-se em conta as outras for\u00e7as, como Pol\u00edcias Civil, Militar, Federal e Rodovi\u00e1ria Federal e For\u00e7a Nacional de Seguran\u00e7a.<\/p>\n<p>A maior preocupa\u00e7\u00e3o \u00e9 com os chamados &#8220;lobos solit\u00e1rios&#8221;, terroristas que agem sozinhos, sem v\u00ednculos com organiza\u00e7\u00f5es e recrutados a partir da internet. A preven\u00e7\u00e3o contra esse tipo de a\u00e7\u00e3o se daria por meio do controle de fontes humanas (informantes infiltrados), acompanhamento de alvos (vigil\u00e2ncia secreta de suspeitos) e a\u00e7\u00f5es em todo o territ\u00f3rio nacional.<\/p>\n<p>O plano proposto pela Abin tamb\u00e9m incluiu o monitoramento de redes sociais, coopera\u00e7\u00e3o com institui\u00e7\u00f5es nacionais e articula\u00e7\u00e3o com servi\u00e7os de intelig\u00eancia estrangeiros. Havia ainda preocupa\u00e7\u00f5es legais com a tipifica\u00e7\u00e3o do crime de terrorismo (aprovada pelo Congresso Nacional ap\u00f3s longa e pol\u00eamica discuss\u00e3o), intercepta\u00e7\u00e3o de comunica\u00e7\u00f5es e escuta ambiental.<\/p>\n<p>&#8220;Infelizmente voc\u00ea tem situa\u00e7\u00e3o em que pessoas desequilibradas, psicopatas, suicidas procuram ter rela\u00e7\u00f5es com esses grupos terroristas para ter uma desforra ou fazer ajuste com a sociedade, com o mundo que lhe parece extremamente adverso. Da\u00ed a dificuldade adicional que voc\u00ea tem de lidar com essa forma de terrorismo, que n\u00e3o \u00e9 o cl\u00e1ssico, com organiza\u00e7\u00e3o centralizada, com pessoas treinadas, doutrinadas, que recebiam miss\u00f5es e as executavam&#8221;, afirmou o ministro da Defesa, Raul Jungmann.<\/p>\n<p>A Ag\u00eancia Brasileira de Intelig\u00eancia (Abin) considerou que dez delega\u00e7\u00f5es seriam as mais &#8220;sens\u00edveis&#8221;. A lista \u00e9 integrada por Estados Unidos, Canad\u00e1, Reino Unido, Fran\u00e7a, Egito, Ir\u00e3, Iraque, S\u00edria, R\u00fassia e Israel. Sob risco m\u00e9dio, foram colocados sete pa\u00edses: Alemanha, Austr\u00e1lia, Dinamarca, Espanha, Holanda, Jord\u00e2nia e Noruega. O Brasil ficou na terceira rela\u00e7\u00e3o, a de na\u00e7\u00f5es sob risco baixo.<\/p>\n<p>Neste domingo, com a abertura da Vila Ol\u00edmpica, iniciam-se tamb\u00e9m as restri\u00e7\u00f5es do espa\u00e7o a\u00e9reo. O objetivo \u00e9 proteger as delega\u00e7\u00f5es que v\u00e3o se movimentar pela cidade. Nem mesmo voos de asa-delta e parapente est\u00e3o permitidos. A For\u00e7a A\u00e9rea Brasileira tamb\u00e9m vai controlar o uso de drones. Tudo pela seguran\u00e7a.<\/p>\n<p>Fonte: Exame<\/p>\n","protected":false},"excerpt":{"rendered":"<p>Militares ocupam desde a 0 hora deste domingo, a orla do Rio de Janeiro\u00a0e instala\u00e7\u00f5es estrat\u00e9gicas da capital fluminense como esta\u00e7\u00f5es de trem, de distribui\u00e7\u00e3o&#8230;<\/p>\n","protected":false},"author":1182,"featured_media":20266,"comment_status":"closed","ping_status":"closed","sticky":false,"template":"","format":"standard","meta":{"footnotes":""},"categories":[6],"tags":[],"class_list":["post-20265","post","type-post","status-publish","format-standard","has-post-thumbnail","hentry","category-noticias"],"_links":{"self":[{"href":"https:\/\/www.sincomam.org.br\/index.php\/wp-json\/wp\/v2\/posts\/20265","targetHints":{"allow":["GET"]}}],"collection":[{"href":"https:\/\/www.sincomam.org.br\/index.php\/wp-json\/wp\/v2\/posts"}],"about":[{"href":"https:\/\/www.sincomam.org.br\/index.php\/wp-json\/wp\/v2\/types\/post"}],"author":[{"embeddable":true,"href":"https:\/\/www.sincomam.org.br\/index.php\/wp-json\/wp\/v2\/users\/1182"}],"replies":[{"embeddable":true,"href":"https:\/\/www.sincomam.org.br\/index.php\/wp-json\/wp\/v2\/comments?post=20265"}],"version-history":[{"count":1,"href":"https:\/\/www.sincomam.org.br\/index.php\/wp-json\/wp\/v2\/posts\/20265\/revisions"}],"predecessor-version":[{"id":20267,"href":"https:\/\/www.sincomam.org.br\/index.php\/wp-json\/wp\/v2\/posts\/20265\/revisions\/20267"}],"wp:featuredmedia":[{"embeddable":true,"href":"https:\/\/www.sincomam.org.br\/index.php\/wp-json\/wp\/v2\/media\/20266"}],"wp:attachment":[{"href":"https:\/\/www.sincomam.org.br\/index.php\/wp-json\/wp\/v2\/media?parent=20265"}],"wp:term":[{"taxonomy":"category","embeddable":true,"href":"https:\/\/www.sincomam.org.br\/index.php\/wp-json\/wp\/v2\/categories?post=20265"},{"taxonomy":"post_tag","embeddable":true,"href":"https:\/\/www.sincomam.org.br\/index.php\/wp-json\/wp\/v2\/tags?post=20265"}],"curies":[{"name":"wp","href":"https:\/\/api.w.org\/{rel}","templated":true}]}}