{"id":20263,"date":"2016-07-25T00:20:40","date_gmt":"2016-07-25T03:20:40","guid":{"rendered":"http:\/\/sincomam.org.br\/?p=20263"},"modified":"2016-07-24T20:23:03","modified_gmt":"2016-07-24T23:23:03","slug":"mec-nao-vai-conceder-bolsas-pelo-ciencia-sem-fronteiras","status":"publish","type":"post","link":"https:\/\/www.sincomam.org.br\/index.php\/mec-nao-vai-conceder-bolsas-pelo-ciencia-sem-fronteiras\/","title":{"rendered":"MEC n\u00e3o vai conceder bolsas pelo Ci\u00eancia sem Fronteiras"},"content":{"rendered":"<p>O governo federal\u00a0n\u00e3o vai conceder novas bolsas de interc\u00e2mbio fora do Pa\u00eds para alunos de gradua\u00e7\u00e3o pelo Ci\u00eancia\u00a0sem Fronteiras. A ideia do Minist\u00e9rio da Educa\u00e7\u00e3o (MEC) \u00e9 reformular o programa. J\u00e1 na p\u00f3s-gradua\u00e7\u00e3o, diz a pasta, novas bolsas ser\u00e3o lan\u00e7adas. Outra proposta em an\u00e1lise \u00e9 financiar o interc\u00e2mbio de estudantes do ensino m\u00e9dio p\u00fablico no exterior.<\/p>\n<p>O cancelamento de novos interc\u00e2mbios para a gradua\u00e7\u00e3o foi revelado pelo portal Uol. O titular do MEC, Mendon\u00e7a Filho, explicou ao jornal O Estado de S. Paulo que os custos elevados do Ci\u00eancia sem Fronteiras pesaram na decis\u00e3o. &#8220;(Um interc\u00e2mbio de gradua\u00e7\u00e3o no exterior) Equivale a financiar um curso integral de quatro anos no Brasil, ao pre\u00e7o m\u00e9dio do que o MEC paga no ProUni ou no Fies, para tr\u00eas alunos&#8221;, argumenta. Para o ministro, o programa &#8211; uma das principais bandeiras da presidente afastada Dilma Rousseff &#8211; tem uma &#8220;efic\u00e1cia discut\u00edvel&#8221; e atinge pouco a popula\u00e7\u00e3o pobre.<\/p>\n<p>Em 2015, o Ci\u00eancia sem Fronteiras custou R$ 3,7 bilh\u00f5es, para atender 35 mil bolsistas. De acordo com o MEC, esse mesmo valor foi usado para atender 39 milh\u00f5es de alunos no programa federal de merenda escolar.<\/p>\n<p>Criado em 2011, o Ci\u00eancia sem Fronteiras foi criticado pela falta de acompanhamento acad\u00eamico dos intercambistas e por ter pouco impacto cient\u00edfico. Muitos alunos, diz Mendon\u00e7a Filho, cursavam apenas disciplinas n\u00e3o equivalentes nos curr\u00edculos brasileiros.<\/p>\n<p>Na primeira fase, 79% das bolsas foram na gradua\u00e7\u00e3o. Os \u00faltimos editais para recrutar novos alunos pelo programa, diz o MEC, foram em 2014. A pasta garante que honrar\u00e1 todos os compromissos com os intercambistas ainda no exterior.<\/p>\n<p>Sobre as bolsas ao ensino m\u00e9dio, a ideia \u00e9 bancar s\u00f3 alunos de baixa renda. As propostas ainda ser\u00e3o levadas ao presidente em exerc\u00edcio Michel Temer.<\/p>\n<p><b>Ensino m\u00e9dio<\/b><\/p>\n<p>O ministro tamb\u00e9m promete discutir no Congresso mudan\u00e7as no ensino m\u00e9dio. Os principais objetivos, defende, s\u00e3o flexibilizar a grade curricular e aumentar as possibilidades de integrar o ensino m\u00e9dio ao t\u00e9cnico.<\/p>\n<p>&#8220;Vamos enfatizar a autonomia estadual na constru\u00e7\u00e3o de modelos e a Base Nacional Comum (curr\u00edculo \u00fanico para o ensino b\u00e1sico, atualmente em discuss\u00e3o) vai encaminhar a parte do conte\u00fado&#8221;, destaca Mendon\u00e7a Filho. Modelos internacionais tamb\u00e9m ser\u00e3o usados como inspira\u00e7\u00e3o para a reforma.<\/p>\n<p>Fonte: Exame<\/p>\n","protected":false},"excerpt":{"rendered":"<p>O governo federal\u00a0n\u00e3o vai conceder novas bolsas de interc\u00e2mbio fora do Pa\u00eds para alunos de gradua\u00e7\u00e3o pelo Ci\u00eancia\u00a0sem Fronteiras. A ideia do Minist\u00e9rio da Educa\u00e7\u00e3o&#8230;<\/p>\n","protected":false},"author":1182,"featured_media":18713,"comment_status":"closed","ping_status":"closed","sticky":false,"template":"","format":"standard","meta":{"footnotes":""},"categories":[6],"tags":[],"class_list":["post-20263","post","type-post","status-publish","format-standard","has-post-thumbnail","hentry","category-noticias"],"_links":{"self":[{"href":"https:\/\/www.sincomam.org.br\/index.php\/wp-json\/wp\/v2\/posts\/20263","targetHints":{"allow":["GET"]}}],"collection":[{"href":"https:\/\/www.sincomam.org.br\/index.php\/wp-json\/wp\/v2\/posts"}],"about":[{"href":"https:\/\/www.sincomam.org.br\/index.php\/wp-json\/wp\/v2\/types\/post"}],"author":[{"embeddable":true,"href":"https:\/\/www.sincomam.org.br\/index.php\/wp-json\/wp\/v2\/users\/1182"}],"replies":[{"embeddable":true,"href":"https:\/\/www.sincomam.org.br\/index.php\/wp-json\/wp\/v2\/comments?post=20263"}],"version-history":[{"count":1,"href":"https:\/\/www.sincomam.org.br\/index.php\/wp-json\/wp\/v2\/posts\/20263\/revisions"}],"predecessor-version":[{"id":20264,"href":"https:\/\/www.sincomam.org.br\/index.php\/wp-json\/wp\/v2\/posts\/20263\/revisions\/20264"}],"wp:featuredmedia":[{"embeddable":true,"href":"https:\/\/www.sincomam.org.br\/index.php\/wp-json\/wp\/v2\/media\/18713"}],"wp:attachment":[{"href":"https:\/\/www.sincomam.org.br\/index.php\/wp-json\/wp\/v2\/media?parent=20263"}],"wp:term":[{"taxonomy":"category","embeddable":true,"href":"https:\/\/www.sincomam.org.br\/index.php\/wp-json\/wp\/v2\/categories?post=20263"},{"taxonomy":"post_tag","embeddable":true,"href":"https:\/\/www.sincomam.org.br\/index.php\/wp-json\/wp\/v2\/tags?post=20263"}],"curies":[{"name":"wp","href":"https:\/\/api.w.org\/{rel}","templated":true}]}}