{"id":20261,"date":"2016-07-25T00:10:55","date_gmt":"2016-07-25T03:10:55","guid":{"rendered":"http:\/\/sincomam.org.br\/?p=20261"},"modified":"2016-07-24T20:21:31","modified_gmt":"2016-07-24T23:21:31","slug":"rio-2016-prefeita-da-vila-olimpica-diz-que-falhas-serao-resolvidas-em-48-horas","status":"publish","type":"post","link":"https:\/\/www.sincomam.org.br\/index.php\/rio-2016-prefeita-da-vila-olimpica-diz-que-falhas-serao-resolvidas-em-48-horas\/","title":{"rendered":"RIO 2016 Prefeita da Vila Ol\u00edmpica diz que falhas ser\u00e3o resolvidas em 48 horas"},"content":{"rendered":"<p>Mal foi inaugurada,\u00a0neste domingo\u00a0(24), a Vila Ol\u00edmpica (ou Vila dos Atletas) da Rio 2016 j\u00e1 apresenta problemas. A delega\u00e7\u00e3o da Austr\u00e1lia deixou o local para ir a um hotel e emitiu um comunicado em que diz: nos pr\u00e9dios h\u00e1 cheiro de g\u00e1s, vazamento de \u00e1gua e defeitos na eletricidade.<\/p>\n<p>Eleita prefeita da Vila, a medalhista ol\u00edmpica Janeth Arcain, ex-jogadora de basquete, disse que a situa\u00e7\u00e3o deve ser solucionada em at\u00e9 48 horas.<\/p>\n<p>&#8220;N\u00f3s tivemos um imprevisto, mas nada que n\u00e3o seja resolvido a tempo para que a delega\u00e7\u00e3o chegue e se sinta confort\u00e1vel (&#8230;) As coisas foram testadas, os problemas est\u00e3o sendo resolvidos e acredito que nessas 24h, 48h estar\u00e1 tudo certo para que todos os apartamentos estejam 100%&#8221;, disse.<\/p>\n<p>Imagens obtidas pelo <strong>G1<\/strong> mostam algumas das falhas. Uma delas flagra a aus\u00eancia da mangueira de inc\u00eandio em um dos andares. Em outra, a fia\u00e7\u00e3o fica exposta em um dos quartos. Tamb\u00e9m h\u00e1 um aparente vazamento de \u00e1gua e sujeira. Segundo volunt\u00e1rios, os problemas se repetem em v\u00e1rios blocos da vila.<\/p>\n<p>De acordo com o comunicado australiano, entre os problemas encontrados havia ainda banheiros bloqueados, escadas escuras sem ilumina\u00e7\u00e3o e andares sujos, necessidando de uma &#8220;limpeza profunda&#8221;.<\/p>\n<p>&#8220;Ontem \u00e0 noite [s\u00e1bado], decidimos fazer um &#8216;teste de estresse&#8217;, onde torneiras e banheiros foram ativados simultaneamente em apartamentos em v\u00e1rios andares para ver se o sistema poderia aguantar, como se todos os atletas j\u00e1 estivem nos quartos. O sistema falhou. A \u00e1gua desceu pelas paredes, havia um forte cheiro de g\u00e1s em alguns apartamentos e houve &#8216;curto-circuito&#8217; na fia\u00e7\u00e3o el\u00e9trica (&#8230;) A vila simplesmente n\u00e3o \u00e9 segura&#8221;, diz a nota.<\/p>\n<p>O prefeito Eduardo Paes disse que considera leg\u00edtimas as reclama\u00e7\u00f5es e que botaria at\u00e9 cangurus para deixar os australianos mais felizes.<\/p>\n<p>\u201cVamos fazer os australianos se sentirem em casa. Estou quase botando um canguru aqui na frente para pular na frente deles aqui (&#8230;) Mas as reclama\u00e7\u00f5es s\u00e3o leg\u00edtimas. Eles fizeram grandes Jogos em Sidney, e vamos devolver essa recep\u00e7\u00e3o a eles\u201d, disse Paes, segundo &#8220;O Globo&#8221;.<\/p>\n<p>O diretor de comunica\u00e7\u00e3o australiano Mike Tancred, rebateu: &#8220;N\u00e3o precisamos de cangurus, precisamos de encanadores para dar conta dos v\u00e1rios lagos que encontramos nos apartamentos&#8221; disse, \u00e0 &#8220;Folha&#8221;.<\/p>\n<p>O diretor de comunica\u00e7\u00e3o do Comit\u00ea Ol\u00edmpico, M\u00e1rio Andrada, disse \u00e0 GloboNews que espera ter tudo resolvido at\u00e9 o meio da semana que vem (<em>veja no v\u00eddeo acima<\/em>).<\/p>\n<p>&#8220;S\u00e3o problemas de constru\u00e7\u00e3o. De certa forma t\u00edpcos de apartamentos novos, principalmente vazamentos e pequenos curtos circuitos da rede el\u00e9trica, que n\u00e3o estava perfeita. A gente uma for\u00e7a tarefa que est\u00e1 trabalhando 24 horas, hoje ela chega a 500 homens. E a gente deve resolver todos os problemas at\u00e9 a metade da semana. &#8220;<\/p>\n<p>Segundo Andrada, al\u00e9m da Austr\u00e1lia, o time da futebol feminino da Su\u00e9cia tamb\u00e9m adiou a entrada da Vila dos Atletas. &#8220;Tamb\u00e9m \u00e9 uma forma de eles deixarem claro que precisa arrumar logo e fazer um pouco de press\u00e3o na constrotura que \u00e9 respons\u00e1vel pela entrega dos pr\u00e9dios e dos problemas.&#8221;<\/p>\n<p>De acordo com o Comit\u00ea, 900 pessoas est\u00e3o hospedadas na Vila Ol\u00edmpica, sendo 200 atletas, de 66 Comit\u00eas Ol\u00edmpicos, entre os quais EUA, Gr\u00e3 Bretanha e Fran\u00e7a.<\/p>\n<p>Fonte: G1<\/p>\n","protected":false},"excerpt":{"rendered":"<p>Mal foi inaugurada,\u00a0neste domingo\u00a0(24), a Vila Ol\u00edmpica (ou Vila dos Atletas) da Rio 2016 j\u00e1 apresenta problemas. A delega\u00e7\u00e3o da Austr\u00e1lia deixou o local para&#8230;<\/p>\n","protected":false},"author":1182,"featured_media":18091,"comment_status":"closed","ping_status":"closed","sticky":false,"template":"","format":"standard","meta":{"footnotes":""},"categories":[6],"tags":[],"class_list":["post-20261","post","type-post","status-publish","format-standard","has-post-thumbnail","hentry","category-noticias"],"_links":{"self":[{"href":"https:\/\/www.sincomam.org.br\/index.php\/wp-json\/wp\/v2\/posts\/20261","targetHints":{"allow":["GET"]}}],"collection":[{"href":"https:\/\/www.sincomam.org.br\/index.php\/wp-json\/wp\/v2\/posts"}],"about":[{"href":"https:\/\/www.sincomam.org.br\/index.php\/wp-json\/wp\/v2\/types\/post"}],"author":[{"embeddable":true,"href":"https:\/\/www.sincomam.org.br\/index.php\/wp-json\/wp\/v2\/users\/1182"}],"replies":[{"embeddable":true,"href":"https:\/\/www.sincomam.org.br\/index.php\/wp-json\/wp\/v2\/comments?post=20261"}],"version-history":[{"count":1,"href":"https:\/\/www.sincomam.org.br\/index.php\/wp-json\/wp\/v2\/posts\/20261\/revisions"}],"predecessor-version":[{"id":20262,"href":"https:\/\/www.sincomam.org.br\/index.php\/wp-json\/wp\/v2\/posts\/20261\/revisions\/20262"}],"wp:featuredmedia":[{"embeddable":true,"href":"https:\/\/www.sincomam.org.br\/index.php\/wp-json\/wp\/v2\/media\/18091"}],"wp:attachment":[{"href":"https:\/\/www.sincomam.org.br\/index.php\/wp-json\/wp\/v2\/media?parent=20261"}],"wp:term":[{"taxonomy":"category","embeddable":true,"href":"https:\/\/www.sincomam.org.br\/index.php\/wp-json\/wp\/v2\/categories?post=20261"},{"taxonomy":"post_tag","embeddable":true,"href":"https:\/\/www.sincomam.org.br\/index.php\/wp-json\/wp\/v2\/tags?post=20261"}],"curies":[{"name":"wp","href":"https:\/\/api.w.org\/{rel}","templated":true}]}}