{"id":20258,"date":"2016-07-25T00:00:28","date_gmt":"2016-07-25T03:00:28","guid":{"rendered":"http:\/\/www.sincomam.org.br\/?p=20258"},"modified":"2016-07-24T20:26:23","modified_gmt":"2016-07-24T23:26:23","slug":"producao-de-minerio-de-ferro-da-vale-cai-no-segundo-trimestre","status":"publish","type":"post","link":"https:\/\/www.sincomam.org.br\/index.php\/producao-de-minerio-de-ferro-da-vale-cai-no-segundo-trimestre\/","title":{"rendered":"Produ\u00e7\u00e3o de min\u00e9rio de ferro da Vale cai no segundo trimestre"},"content":{"rendered":"<p><strong>Caraj\u00e1s<\/strong><\/p>\n<p>A produ\u00e7\u00e3o de min\u00e9rio de ferro da Vale em Caraj\u00e1s subiu 15,5% no segundo trimestre deste ano em rela\u00e7\u00e3o a igual intervalo em 2015 e somou 36,493 milh\u00f5es de toneladas.<\/p>\n<p>De acordo com comunicado, Caraj\u00e1s alcan\u00e7ou recorde de produ\u00e7\u00e3o para um segundo trimestre, devido principalmente ao aumento da efici\u00eancia geral da frota de caminh\u00f5es e \u00e0 acelera\u00e7\u00e3o das opera\u00e7\u00f5es das minas N4WS e extens\u00e3o de N5S.<\/p>\n<p><strong>Pelotas<\/strong><\/p>\n<p>A produ\u00e7\u00e3o de pelotas da Vale no segundo trimestre deste ano, excluindo Samarco, foi de 10,049 milh\u00f5es de toneladas, 17,9% menor que o apurado em igual per\u00edodo em 2015, quando a produ\u00e7\u00e3o foi de 12,237 milh\u00f5es de toneladas. Em compara\u00e7\u00e3o com o primeiro trimestre de 2016, quando a produ\u00e7\u00e3o deste item totalizou 11,478 milh\u00f5es de toneladas, houve baixa de 12,4% no volume apurado no segundo trimestre.<\/p>\n<p>No seu relat\u00f3rio de produ\u00e7\u00e3o, a Vale informa que o desempenho do segundo trimestre conduziu a uma produ\u00e7\u00e3o de pelotas de 21,527 milh\u00f5es de toneladas no primeiro semestre deste ano, 8,9% abaixo do observado em igual per\u00edodo no ano anterior (23,625 milh\u00f5es de toneladas).<\/p>\n<p>A companhia explica que os recuos foram causados por parada em sua planta de pelotiza\u00e7\u00e3o no Sistema Sul (que compreende as minhas de Paraopeba, Vargem Grande e Minas Itabirito), devido a atrasos em obten\u00e7\u00e3o de licen\u00e7as ambientais para os projetos de expans\u00e3o da mina; bem como paradas programadas para manuten\u00e7\u00e3o nas plantas de Tubar\u00e3o no segundo trimestre deste ano.<\/p>\n<p>\u201cA Vale est\u00e1 analisando a retomada das opera\u00e7\u00f5es nas plantas de pelotiza\u00e7\u00e3o 1 e 2 de Tubar\u00e3o, em resposta \u00e0 redu\u00e7\u00e3o de oferta oriunda da parada da Samarco.\u201d<\/p>\n<p><strong>N\u00edquel e cobre<\/strong><\/p>\n<p>A produ\u00e7\u00e3o de n\u00edquel da Vale no segundo trimestre de 2016 alcan\u00e7ou 78,5 mil toneladas, com alta de 17% em compara\u00e7\u00e3o com igual intervalo de 2015, quando foram produzidas 67,1 mil toneladas. Em rela\u00e7\u00e3o ao primeiro trimestre deste ano, quando a empresa produziu 73,5 mil toneladas, houve alta de 6,8%.<\/p>\n<p>O patamar do segundo trimestre foi recorde para o per\u00edodo.<\/p>\n<p>O desempenho de abril a junho fez com que a produ\u00e7\u00e3o de n\u00edquel atingisse 152 mil toneladas no acumulado do primeiro semestre deste ano, 11,5% acima de igual per\u00edodo em 2015 (136,3 mil toneladas).<\/p>\n<p>J\u00e1 a produ\u00e7\u00e3o de cobre da mineradora no segundo trimestre de 2016 foi de 107,4 mil toneladas, 2,4% acima das 104,9 mil toneladas produzidas em igual intervalo do ano anterior. Na compara\u00e7\u00e3o com o primeiro trimestre deste ano (111,9 mil toneladas), no entanto, houve recuo de 4% na produ\u00e7\u00e3o de abril a junho. Isso levou a um total de 219,2 mil toneladas de cobre produzidas no primeiro semestre deste ano, 3,4% acima de igual per\u00edodo em 2015 (212 mil toneladas).<\/p>\n<p>A mineradora informou ainda que, excluindo a opera\u00e7\u00e3o na regi\u00e3o de Lubambe, na \u00c1frica, a produ\u00e7\u00e3o de cobre da Vale no segundo trimestre foi de 105,6 mil toneladas, recorde para o per\u00edodo. A Vale detalhou ainda que o recuo ante primeiro trimestre deste ano foi devido \u00e0 menor compra de terceiros.<\/p>\n<p><strong>Samarco<\/strong><\/p>\n<p>A Vale lembrou em seu relat\u00f3rio de produ\u00e7\u00e3o do segundo trimestre que as opera\u00e7\u00f5es da Samarco foram suspensas como resultado do acidente na barragem de rejeito de Fund\u00e3o, no dia 5 de novembro de 2015.<\/p>\n<p>\u201cA Samarco planeja retomar suas opera\u00e7\u00f5es em 2017, embora o momento ainda seja incerto\u201d, informou a empresa.<\/p>\n<p>Fonte: Valor Economico<\/p>\n","protected":false},"excerpt":{"rendered":"<p>Caraj\u00e1s A produ\u00e7\u00e3o de min\u00e9rio de ferro da Vale em Caraj\u00e1s subiu 15,5% no segundo trimestre deste ano em rela\u00e7\u00e3o a igual intervalo em 2015&#8230;<\/p>\n","protected":false},"author":1182,"featured_media":18672,"comment_status":"closed","ping_status":"closed","sticky":false,"template":"","format":"standard","meta":{"footnotes":""},"categories":[6],"tags":[],"class_list":["post-20258","post","type-post","status-publish","format-standard","has-post-thumbnail","hentry","category-noticias"],"_links":{"self":[{"href":"https:\/\/www.sincomam.org.br\/index.php\/wp-json\/wp\/v2\/posts\/20258","targetHints":{"allow":["GET"]}}],"collection":[{"href":"https:\/\/www.sincomam.org.br\/index.php\/wp-json\/wp\/v2\/posts"}],"about":[{"href":"https:\/\/www.sincomam.org.br\/index.php\/wp-json\/wp\/v2\/types\/post"}],"author":[{"embeddable":true,"href":"https:\/\/www.sincomam.org.br\/index.php\/wp-json\/wp\/v2\/users\/1182"}],"replies":[{"embeddable":true,"href":"https:\/\/www.sincomam.org.br\/index.php\/wp-json\/wp\/v2\/comments?post=20258"}],"version-history":[{"count":1,"href":"https:\/\/www.sincomam.org.br\/index.php\/wp-json\/wp\/v2\/posts\/20258\/revisions"}],"predecessor-version":[{"id":20259,"href":"https:\/\/www.sincomam.org.br\/index.php\/wp-json\/wp\/v2\/posts\/20258\/revisions\/20259"}],"wp:featuredmedia":[{"embeddable":true,"href":"https:\/\/www.sincomam.org.br\/index.php\/wp-json\/wp\/v2\/media\/18672"}],"wp:attachment":[{"href":"https:\/\/www.sincomam.org.br\/index.php\/wp-json\/wp\/v2\/media?parent=20258"}],"wp:term":[{"taxonomy":"category","embeddable":true,"href":"https:\/\/www.sincomam.org.br\/index.php\/wp-json\/wp\/v2\/categories?post=20258"},{"taxonomy":"post_tag","embeddable":true,"href":"https:\/\/www.sincomam.org.br\/index.php\/wp-json\/wp\/v2\/tags?post=20258"}],"curies":[{"name":"wp","href":"https:\/\/api.w.org\/{rel}","templated":true}]}}