{"id":20256,"date":"2016-07-22T00:37:05","date_gmt":"2016-07-22T03:37:05","guid":{"rendered":"http:\/\/www.sincomam.org.br\/?p=20256"},"modified":"2016-07-22T09:37:15","modified_gmt":"2016-07-22T12:37:15","slug":"porto-de-cabedelo-proibe-celular-e-filmadora","status":"publish","type":"post","link":"https:\/\/www.sincomam.org.br\/index.php\/porto-de-cabedelo-proibe-celular-e-filmadora\/","title":{"rendered":"Porto de Cabedelo pro\u00edbe celular e filmadora"},"content":{"rendered":"<p>Est\u00e1 proibida \u201ca entrada de aparelhos celulares, c\u00e2meras fotogr\u00e1ficas, c\u00e2meras de filmagem ou qualquer outro aparelho eletr\u00f4nico similar na \u00e1rea prim\u00e1ria\/operacional do Porto de Cabedelo\u201d. \u00c9 o que est\u00e1 escrito no Art. 1\u00ba da Portaria n\u00ba 055\/2016, assinada pela presidente da Companhia Docas da Para\u00edba, Gilmara Pereira Tem\u00f3teo, com data de segunda-feira (18). A proibi\u00e7\u00e3o entra em vigor a partir de 1\u00ba de<\/p>\n<p>agosto pr\u00f3ximo. A ordem ocorre dias depois da publica\u00e7\u00e3o de den\u00fancias na imprensa local sobre abandono e sucateamento do Porto de Cabedelo sob o governo de Ricardo Coutinho, causando ila\u00e7\u00f5es de fontes do blog de que uma coisa seria consequ\u00eancia da outra.<\/p>\n<p>\u201cSer\u00e1 que \u00e9 pra ningu\u00e9m registrar o sucateamento?\u201d, questiona a pessoa que forneceu a este blogueiro os documentos reproduzidos abaixo. Uma tentativa de contato foi feita na tarde desta quarta-feira (20) com Gilmara Pereira Tem\u00f3teo, mas ela n\u00e3o mais se encontrava na Companhia \u00e0s 16h45. A funcion\u00e1ria que atendeu \u00e0 liga\u00e7\u00e3o disse que o expediente terminava \u00e0s 16h30 e informou que na aus\u00eancia da<\/p>\n<p>diretora presidente o servidor S\u00edlvio Neto deveria ser contactado. Um n\u00famero de celular dele foi fornecido, discado, mas esse telefonema tamb\u00e9m foi em v\u00e3o. O contato tinha como prop\u00f3sito pedir esclarecimentos sobre a decis\u00e3o contida na Portaria 55, que pode ser flexibilizada ap\u00f3s solicita\u00e7\u00e3o \u00e0 dire\u00e7\u00e3o da empresa.<\/p>\n<p>Fonte: Jornal da Paraiba<\/p>\n","protected":false},"excerpt":{"rendered":"<p>Est\u00e1 proibida \u201ca entrada de aparelhos celulares, c\u00e2meras fotogr\u00e1ficas, c\u00e2meras de filmagem ou qualquer outro aparelho eletr\u00f4nico similar na \u00e1rea prim\u00e1ria\/operacional do Porto de Cabedelo\u201d&#8230;.<\/p>\n","protected":false},"author":1182,"featured_media":19134,"comment_status":"closed","ping_status":"closed","sticky":false,"template":"","format":"standard","meta":{"footnotes":""},"categories":[6],"tags":[],"class_list":["post-20256","post","type-post","status-publish","format-standard","has-post-thumbnail","hentry","category-noticias"],"_links":{"self":[{"href":"https:\/\/www.sincomam.org.br\/index.php\/wp-json\/wp\/v2\/posts\/20256","targetHints":{"allow":["GET"]}}],"collection":[{"href":"https:\/\/www.sincomam.org.br\/index.php\/wp-json\/wp\/v2\/posts"}],"about":[{"href":"https:\/\/www.sincomam.org.br\/index.php\/wp-json\/wp\/v2\/types\/post"}],"author":[{"embeddable":true,"href":"https:\/\/www.sincomam.org.br\/index.php\/wp-json\/wp\/v2\/users\/1182"}],"replies":[{"embeddable":true,"href":"https:\/\/www.sincomam.org.br\/index.php\/wp-json\/wp\/v2\/comments?post=20256"}],"version-history":[{"count":1,"href":"https:\/\/www.sincomam.org.br\/index.php\/wp-json\/wp\/v2\/posts\/20256\/revisions"}],"predecessor-version":[{"id":20257,"href":"https:\/\/www.sincomam.org.br\/index.php\/wp-json\/wp\/v2\/posts\/20256\/revisions\/20257"}],"wp:featuredmedia":[{"embeddable":true,"href":"https:\/\/www.sincomam.org.br\/index.php\/wp-json\/wp\/v2\/media\/19134"}],"wp:attachment":[{"href":"https:\/\/www.sincomam.org.br\/index.php\/wp-json\/wp\/v2\/media?parent=20256"}],"wp:term":[{"taxonomy":"category","embeddable":true,"href":"https:\/\/www.sincomam.org.br\/index.php\/wp-json\/wp\/v2\/categories?post=20256"},{"taxonomy":"post_tag","embeddable":true,"href":"https:\/\/www.sincomam.org.br\/index.php\/wp-json\/wp\/v2\/tags?post=20256"}],"curies":[{"name":"wp","href":"https:\/\/api.w.org\/{rel}","templated":true}]}}