{"id":20252,"date":"2016-07-22T00:12:08","date_gmt":"2016-07-22T03:12:08","guid":{"rendered":"http:\/\/www.sincomam.org.br\/?p=20252"},"modified":"2016-07-22T09:30:39","modified_gmt":"2016-07-22T12:30:39","slug":"temer-prepara-reformulacao-do-bolsa-familia","status":"publish","type":"post","link":"https:\/\/www.sincomam.org.br\/index.php\/temer-prepara-reformulacao-do-bolsa-familia\/","title":{"rendered":"Temer prepara reformula\u00e7\u00e3o do Bolsa Fam\u00edlia"},"content":{"rendered":"<p>O governo do presidente interino Michel Temer<b>\u00a0<\/b>prepara para agosto o lan\u00e7amento das sua primeira marca na \u00e1rea social, um programa de est\u00edmulo a crian\u00e7as de at\u00e9 tr\u00eas anos que estejam no Bolsa Fam\u00edlia\u00a0e que dever\u00e1 custar, quando estiver funcionando totalmente, cerca de 2 bilh\u00f5es de reais por ano.<\/p>\n<p>De acordo com o ministro do Desenvolvimento Social e Agr\u00e1rio, Osmar Terra, com o programa, batizado de Crian\u00e7a Feliz, o governo planeja financiar a cria\u00e7\u00e3o de uma rede de profissionais, com prefeituras e outras organiza\u00e7\u00f5es, como universidades, que visitar\u00e1 as fam\u00edlias com crian\u00e7as na primeira inf\u00e2ncia para estimular o desenvolvimento f\u00edsico e cognitivo.<\/p>\n<p>O sistema ser\u00e1 semelhante ao usado hoje com agentes comunit\u00e1rios de sa\u00fade. \u201cMas os agentes se concentram em quest\u00f5es espec\u00edficas de sa\u00fade, como medir, pesar, vacinar. A inten\u00e7\u00e3o do programa \u00e9 completar essa a\u00e7\u00e3o com est\u00edmulos necess\u00e1rios ao desenvolvimento inicial das crian\u00e7as\u201d, disse o ministro.<\/p>\n<p>Terra cita estudos que apontam a necessidade de est\u00edmulos nos primeiros dias do beb\u00ea para garantir o desenvolvimento adequado, n\u00e3o apenas em quest\u00f5es f\u00edsicas, como vis\u00e3o e audi\u00e7\u00e3o, mas cognitivas e psicol\u00f3gicas, como aprendizagem escolar e mesmo a empatia.<\/p>\n<p>\u201cSe a crian\u00e7a n\u00e3o \u00e9 adequadamente estimulada vai ser dif\u00edcil desenvolver as compet\u00eancias necess\u00e1rias, pode ter no futuro dificuldades de aprendizagem, n\u00e3o ter\u00e1 um bom desempenho escolar e vai perpetuar o ciclo de pobreza\u201d, afirmou Terra.<\/p>\n<p>A ideia \u00e9 que cada visitador fique respons\u00e1vel por ir at\u00e9 a seis casas por dia e fa\u00e7a tamb\u00e9m o acompanhamento das gestantes, al\u00e9m de treinar as m\u00e3es para que tamb\u00e9m estimulem as crian\u00e7as em casa.<\/p>\n<p>Nos primeiros meses, as visitas devem ser duas a tr\u00eas vezes por semana, diminuindo a medida que as crian\u00e7as crescem.<\/p>\n<p>O modelo para o programa \u00e9 o Primeira Inf\u00e2ncia Melhor (PIM), do governo do Rio Grande do Sul, que hoje atende cerca de 60 mil crian\u00e7as.\u00a0<\/p>\n<p>No Estado, s\u00e3o repassados \u00e0s prefeituras para que contratem pessoal ou paguem um b\u00f4nus a funcion\u00e1rios municipais, como assistentes sociais ou enfermeiros.<\/p>\n<p>O governo federal planeja repetir o modelo nacionalmente, mas Terra admite que as prefeituras, em meio \u00e0 crise econ\u00f4mica do pa\u00eds, podem ter dificuldade de ter pessoal dispon\u00edvel para o programa.<\/p>\n<p>Da\u00ed a ideia de usar outras institui\u00e7\u00f5es, como universidades, para que fa\u00e7am o trabalho.<\/p>\n<p>\u201cO programa ainda est\u00e1 sendo formatado, ent\u00e3o n\u00e3o h\u00e1 uma decis\u00e3o sobre o modelo a ser adotado\u201d, explica Terra.<\/p>\n<p>A proje\u00e7\u00e3o do governo \u00e9 que, quando o programa estiver funcionando totalmente, seriam contratadas 80 mil pessoas com ensino m\u00e9dio completo para fazer a visita\u00e7\u00e3o em 4 milh\u00f5es de casas de benefici\u00e1rios do Bolsa Fam\u00edlia.<\/p>\n<p>A proje\u00e7\u00e3o, no entanto, \u00e9 que este ano o governo atenda apenas 5 por cento das crian\u00e7as, com um custo aproximado de 80 milh\u00f5es de reais.<\/p>\n<p>Em 2017, deve alcan\u00e7ar 50 por cento, com um or\u00e7amento de 1 bilh\u00e3o de reais. O programa estaria completo, a um custo de 2 bilh\u00f5es de reais, em 2018.<\/p>\n<p>Uma das principais a\u00e7\u00f5es sociais do governo da presidente afastada Dilma Rousseff na \u00e1rea social foi tamb\u00e9m a cria\u00e7\u00e3o de um programa para a primeira inf\u00e2ncia, o Brasil Carinhoso, mirando a mesma faixa et\u00e1ria.<\/p>\n<p>Neste, fam\u00edlias\u00a0 do Bolsa Fam\u00edlia com crian\u00e7as at\u00e9 tr\u00eas anos recebem um valor maior do benef\u00edcio e prefeituras tamb\u00e9m recebem um b\u00f4nus para oferecer vagas em creches para essas fam\u00edlias.<\/p>\n<p>Terra explica que o Brasil Carinhoso continua, mas o Crian\u00e7a Feliz vai al\u00e9m. \u201cO Brasil Carinhoso ficou em um est\u00e1gio inicial, o Crian\u00e7a Feliz \u00e9 um avan\u00e7o\u201d, garante.<\/p>\n<p>Criticado pela presidente afastada, que o acusava de querer desmontar os programas sociais, Temer tem procurado mostrar que vai continuar investindo na \u00e1rea.<\/p>\n<p>No final de junho, decretou um reajuste maior do Bolsa Fam\u00edlia que o anunciado por Dilma.<\/p>\n<p>Tamb\u00e9m liberou recursos contingenciados para educa\u00e7\u00e3o e sa\u00fade e anunciou um mudan\u00e7as nos crit\u00e9rios do Financiamento Estudantil que permitem a mais pessoas tentarem uma bolsa no programa.<\/p>\n<p>Na semana passada, anunciou que fam\u00edlias com pessoas afetadas pela microcefalia ter\u00e3o prioridade no programa Minha Casa Minha Vida.<\/p>\n<p>O Crian\u00e7a Feliz, no entanto, \u00e9 o primeiro programa que levar\u00e1 a marca do governo Temer.\u00a0<\/p>\n<p>Fonte: Exame<\/p>\n","protected":false},"excerpt":{"rendered":"<p>O governo do presidente interino Michel Temer\u00a0prepara para agosto o lan\u00e7amento das sua primeira marca na \u00e1rea social, um programa de est\u00edmulo a crian\u00e7as de&#8230;<\/p>\n","protected":false},"author":1182,"featured_media":18131,"comment_status":"closed","ping_status":"closed","sticky":false,"template":"","format":"standard","meta":{"footnotes":""},"categories":[6],"tags":[],"class_list":["post-20252","post","type-post","status-publish","format-standard","has-post-thumbnail","hentry","category-noticias"],"_links":{"self":[{"href":"https:\/\/www.sincomam.org.br\/index.php\/wp-json\/wp\/v2\/posts\/20252","targetHints":{"allow":["GET"]}}],"collection":[{"href":"https:\/\/www.sincomam.org.br\/index.php\/wp-json\/wp\/v2\/posts"}],"about":[{"href":"https:\/\/www.sincomam.org.br\/index.php\/wp-json\/wp\/v2\/types\/post"}],"author":[{"embeddable":true,"href":"https:\/\/www.sincomam.org.br\/index.php\/wp-json\/wp\/v2\/users\/1182"}],"replies":[{"embeddable":true,"href":"https:\/\/www.sincomam.org.br\/index.php\/wp-json\/wp\/v2\/comments?post=20252"}],"version-history":[{"count":1,"href":"https:\/\/www.sincomam.org.br\/index.php\/wp-json\/wp\/v2\/posts\/20252\/revisions"}],"predecessor-version":[{"id":20253,"href":"https:\/\/www.sincomam.org.br\/index.php\/wp-json\/wp\/v2\/posts\/20252\/revisions\/20253"}],"wp:featuredmedia":[{"embeddable":true,"href":"https:\/\/www.sincomam.org.br\/index.php\/wp-json\/wp\/v2\/media\/18131"}],"wp:attachment":[{"href":"https:\/\/www.sincomam.org.br\/index.php\/wp-json\/wp\/v2\/media?parent=20252"}],"wp:term":[{"taxonomy":"category","embeddable":true,"href":"https:\/\/www.sincomam.org.br\/index.php\/wp-json\/wp\/v2\/categories?post=20252"},{"taxonomy":"post_tag","embeddable":true,"href":"https:\/\/www.sincomam.org.br\/index.php\/wp-json\/wp\/v2\/tags?post=20252"}],"curies":[{"name":"wp","href":"https:\/\/api.w.org\/{rel}","templated":true}]}}