{"id":20250,"date":"2016-07-22T09:28:55","date_gmt":"2016-07-22T12:28:55","guid":{"rendered":"http:\/\/www.sincomam.org.br\/?p=20250"},"modified":"2016-07-22T09:28:55","modified_gmt":"2016-07-22T12:28:55","slug":"presos-em-acao-antiterror-foram-para-presidio-de-campo-grande-diz-pf","status":"publish","type":"post","link":"https:\/\/www.sincomam.org.br\/index.php\/presos-em-acao-antiterror-foram-para-presidio-de-campo-grande-diz-pf\/","title":{"rendered":"Presos em a\u00e7\u00e3o antiterror foram para pres\u00eddio de Campo Grande, diz PF"},"content":{"rendered":"<p>A Pol\u00edcia Federal informou nesta sexta-feira (22) que os dez presos da Opera\u00e7\u00e3o Hashtag foram levados para o pres\u00eddio federal de Campo Grande. A unidade \u00e9 de seguran\u00e7a m\u00e1xima e recebe presos de alta periculosidade. Os presos s\u00e3o suspeitos, segundo o MInist\u00e9rio da Justi\u00e7a, de terem realizado &#8220;atos preparat\u00f3rios&#8221; visando a\u00e7\u00f5es terroristas.<\/p>\n<p>As pris\u00f5es, realizadas a 15 dias da olimp\u00edada, foram as primeiras no Brasil com base na recente lei antiterrorismo, sancionada em mar\u00e7o pela presidente afastada, Dilma Rousseff. Tamb\u00e9m foram as primeiras deten\u00e7\u00f5es por suspeita de liga\u00e7\u00e3o com o grupo terrorista Estado Isl\u00e2mico, que atua no Oriente M\u00e9dio, mas tem cometido atentados em v\u00e1rias partes do mundo.<\/p>\n<p>Segundo o minist\u00e9rio, alguns dos investigados na opera\u00e7\u00e3o chegaram a fazer um juramento virtual ao grupo, no qual repetiam palavras de uma grava\u00e7\u00e3o, mas n\u00e3o tiveram contato com membros do Estado Isl\u00e2mico. Para as autoridades brasileiras, os presos s\u00e3o uma &#8220;c\u00e9lula absolutamente amadora&#8221; e sem &#8220;nenhum preparo&#8221;.<\/p>\n<p>Quatro pessoas foram presas no estado de S\u00e3o Paulo, uma no Amazonas e outra no Paran\u00e1. As restantes foram presas no Rio Grande do Sul, no Rio de Janeiro, no Cear\u00e1 e na Para\u00edba.<\/p>\n<p>Outras duas pessoas t\u00eam mandado de pris\u00e3o, mas ainda n\u00e3o foram detidas pela pol\u00edcia. Na quinta (21),\u00a0 o governo informou que j\u00e1 rastreia esses suspeitos e deve prend\u00ea-los &#8220;em breve&#8221;.<\/p>\n<p>Al\u00e9m das pris\u00f5es, foram cumpridos 19 mandados de busca e apreens\u00e3o em dez estados \u2013 S\u00e3o Paulo (8); Goi\u00e1s (2); Amazonas (2); Rio Grande do Sul, Paran\u00e1, Rio de Janeiro, Para\u00edba, Cear\u00e1, Minas Gerais e Mato Grosso (um em cada). Houve ainda duas condu\u00e7\u00f5es coercitivas, em S\u00e3o Paulo e Minas Gerais.<\/p>\n<p>Fonte: G1<\/p>\n","protected":false},"excerpt":{"rendered":"<p>A Pol\u00edcia Federal informou nesta sexta-feira (22) que os dez presos da Opera\u00e7\u00e3o Hashtag foram levados para o pres\u00eddio federal de Campo Grande. A unidade&#8230;<\/p>\n","protected":false},"author":1182,"featured_media":18467,"comment_status":"closed","ping_status":"closed","sticky":false,"template":"","format":"standard","meta":{"footnotes":""},"categories":[6],"tags":[],"class_list":["post-20250","post","type-post","status-publish","format-standard","has-post-thumbnail","hentry","category-noticias"],"_links":{"self":[{"href":"https:\/\/www.sincomam.org.br\/index.php\/wp-json\/wp\/v2\/posts\/20250","targetHints":{"allow":["GET"]}}],"collection":[{"href":"https:\/\/www.sincomam.org.br\/index.php\/wp-json\/wp\/v2\/posts"}],"about":[{"href":"https:\/\/www.sincomam.org.br\/index.php\/wp-json\/wp\/v2\/types\/post"}],"author":[{"embeddable":true,"href":"https:\/\/www.sincomam.org.br\/index.php\/wp-json\/wp\/v2\/users\/1182"}],"replies":[{"embeddable":true,"href":"https:\/\/www.sincomam.org.br\/index.php\/wp-json\/wp\/v2\/comments?post=20250"}],"version-history":[{"count":1,"href":"https:\/\/www.sincomam.org.br\/index.php\/wp-json\/wp\/v2\/posts\/20250\/revisions"}],"predecessor-version":[{"id":20251,"href":"https:\/\/www.sincomam.org.br\/index.php\/wp-json\/wp\/v2\/posts\/20250\/revisions\/20251"}],"wp:featuredmedia":[{"embeddable":true,"href":"https:\/\/www.sincomam.org.br\/index.php\/wp-json\/wp\/v2\/media\/18467"}],"wp:attachment":[{"href":"https:\/\/www.sincomam.org.br\/index.php\/wp-json\/wp\/v2\/media?parent=20250"}],"wp:term":[{"taxonomy":"category","embeddable":true,"href":"https:\/\/www.sincomam.org.br\/index.php\/wp-json\/wp\/v2\/categories?post=20250"},{"taxonomy":"post_tag","embeddable":true,"href":"https:\/\/www.sincomam.org.br\/index.php\/wp-json\/wp\/v2\/tags?post=20250"}],"curies":[{"name":"wp","href":"https:\/\/api.w.org\/{rel}","templated":true}]}}