{"id":20244,"date":"2016-07-22T00:20:25","date_gmt":"2016-07-22T03:20:25","guid":{"rendered":"http:\/\/www.sincomam.org.br\/?p=20244"},"modified":"2016-07-21T22:22:07","modified_gmt":"2016-07-22T01:22:07","slug":"cnt-pede-reabertura-do-programa-de-refinanciamento-de-divida-tributaria","status":"publish","type":"post","link":"https:\/\/www.sincomam.org.br\/index.php\/cnt-pede-reabertura-do-programa-de-refinanciamento-de-divida-tributaria\/","title":{"rendered":"CNT pede reabertura do programa de refinanciamento de d\u00edvida tribut\u00e1ria"},"content":{"rendered":"<p>O presidente da Confedera\u00e7\u00e3o Nacional do Transporte (CNT), Cl\u00e9sio Andrade, defende a reabertura do Programa de Recupera\u00e7\u00e3o Fiscal (Refis), previsto na lei federal n\u00ba 12.865\/2013, ou a cria\u00e7\u00e3o de algum programa equivalente. Um documento com esse pedido foi enviado na tarde desta quarta-feira (20.07) ao ministro da Fazenda, Henrique Meirelles, e tamb\u00e9m ser\u00e1 encaminhado ao presidente interino Michel Temer.<\/p>\n<p>De acordo com Cl\u00e9sio Andrade, \u201cem fun\u00e7\u00e3o da crise na economia, a situa\u00e7\u00e3o das empresas brasileiras, especialmente das transportadoras, tamb\u00e9m se agravou bastante\u201d, o que dificulta o cumprimento de todos os compromissos fiscais e tribut\u00e1rios. \u201cPara regularizar essa quest\u00e3o e para que o crescimento possa ser retomado, entendemos que o novo programa de recupera\u00e7\u00e3o fiscal \u00e9 fundamental\u201d, afirma Cl\u00e9sio Andrade.<\/p>\n<p>No documento encaminhado ao governo federal, a CNT exp\u00f5e o problema enfrentado atualmente. Conforme dados do IBGE, o setor de transporte recuou mais de 7% no primeiro trimestre de 2016. \u201cQualquer a\u00e7\u00e3o do governo que venha mitigar a quita\u00e7\u00e3o de d\u00e9bitos perante o fisco representar\u00e1 ganhos substanciais para a manuten\u00e7\u00e3o do equil\u00edbrio econ\u00f4mico financeiro das empresas do setor\u201d, diz.<\/p>\n","protected":false},"excerpt":{"rendered":"<p>O presidente da Confedera\u00e7\u00e3o Nacional do Transporte (CNT), Cl\u00e9sio Andrade, defende a reabertura do Programa de Recupera\u00e7\u00e3o Fiscal (Refis), previsto na lei federal n\u00ba 12.865\/2013,&#8230;<\/p>\n","protected":false},"author":1182,"featured_media":18439,"comment_status":"closed","ping_status":"closed","sticky":false,"template":"","format":"standard","meta":{"footnotes":""},"categories":[6],"tags":[],"class_list":["post-20244","post","type-post","status-publish","format-standard","has-post-thumbnail","hentry","category-noticias"],"_links":{"self":[{"href":"https:\/\/www.sincomam.org.br\/index.php\/wp-json\/wp\/v2\/posts\/20244","targetHints":{"allow":["GET"]}}],"collection":[{"href":"https:\/\/www.sincomam.org.br\/index.php\/wp-json\/wp\/v2\/posts"}],"about":[{"href":"https:\/\/www.sincomam.org.br\/index.php\/wp-json\/wp\/v2\/types\/post"}],"author":[{"embeddable":true,"href":"https:\/\/www.sincomam.org.br\/index.php\/wp-json\/wp\/v2\/users\/1182"}],"replies":[{"embeddable":true,"href":"https:\/\/www.sincomam.org.br\/index.php\/wp-json\/wp\/v2\/comments?post=20244"}],"version-history":[{"count":1,"href":"https:\/\/www.sincomam.org.br\/index.php\/wp-json\/wp\/v2\/posts\/20244\/revisions"}],"predecessor-version":[{"id":20245,"href":"https:\/\/www.sincomam.org.br\/index.php\/wp-json\/wp\/v2\/posts\/20244\/revisions\/20245"}],"wp:featuredmedia":[{"embeddable":true,"href":"https:\/\/www.sincomam.org.br\/index.php\/wp-json\/wp\/v2\/media\/18439"}],"wp:attachment":[{"href":"https:\/\/www.sincomam.org.br\/index.php\/wp-json\/wp\/v2\/media?parent=20244"}],"wp:term":[{"taxonomy":"category","embeddable":true,"href":"https:\/\/www.sincomam.org.br\/index.php\/wp-json\/wp\/v2\/categories?post=20244"},{"taxonomy":"post_tag","embeddable":true,"href":"https:\/\/www.sincomam.org.br\/index.php\/wp-json\/wp\/v2\/tags?post=20244"}],"curies":[{"name":"wp","href":"https:\/\/api.w.org\/{rel}","templated":true}]}}