{"id":20242,"date":"2016-07-21T00:45:39","date_gmt":"2016-07-21T03:45:39","guid":{"rendered":"http:\/\/sincomam.org.br\/?p=20242"},"modified":"2016-07-20T20:00:10","modified_gmt":"2016-07-20T23:00:10","slug":"clima-e-de-confianca-na-retomada-da-industria-de-petroleo-e-gas-2","status":"publish","type":"post","link":"https:\/\/www.sincomam.org.br\/index.php\/clima-e-de-confianca-na-retomada-da-industria-de-petroleo-e-gas-2\/","title":{"rendered":"Clima \u00e9 de confian\u00e7a na retomada da ind\u00fastria de petr\u00f3leo e g\u00e1s"},"content":{"rendered":"<p>Novas reuni\u00f5es com membros do governo interino de Michel Temer ampliaram o clima de confian\u00e7a e a sensa\u00e7\u00e3o do setor de petr\u00f3leo e g\u00e1s de que a ind\u00fastria pode se recuperar com mais velocidade e, inclusive, puxar a retomada do crescimento econ\u00f4mico, na avalia\u00e7\u00e3o do secret\u00e1rio-geral do IBP (Instituto Brasileiro de Petr\u00f3leo), Milton Costa Filho. As informa\u00e7\u00f5es s\u00e3o da Ag\u00eancia Brasil.<\/p>\n<p>Costa Filho citou o exemplo do novo presidente da Petrobras, Pedro Parente, e do novo secret\u00e1rio de Petr\u00f3leo e G\u00e1s do Minist\u00e9rio de Minas e Energia, M\u00e1rcio F\u00e9lix. &#8220;O pr\u00f3prio novo ministro [Fernando Coelho Filho] est\u00e1 se mostrando muito interessado na ind\u00fastria, fazendo uma interlocu\u00e7\u00e3o muito positiva. Isso cria um clima de otimismo e de confian\u00e7a&#8221;, disse Costa Filho, ap\u00f3s participar de evento com representantes do Rio Convention &amp; Visitors Bureau sobre as oportunidades criadas na \u00e1rea de turismo do Rio de Janeiro pelo setor de petr\u00f3leo e energia.<\/p>\n<p>Outro ponto considerado positivo para o futuro da ind\u00fastria petrol\u00edfera foi a aprova\u00e7\u00e3o pelo CNPE (Conselho Nacional de Pol\u00edtica Energ\u00e9tica), na semana passada, da continuidade dos estudos sobre campos e blocos de petr\u00f3leo e g\u00e1s que poder\u00e3o ser oferecidos na 14\u00aa rodada de licita\u00e7\u00f5es da ANP (Ag\u00eancia Nacional do Petr\u00f3leo, G\u00e1s Natural e Combust\u00edveis Renov\u00e1veis). &#8220;A gente espera que venha uma rodada que possa realmente atrair investidores&#8221;.<\/p>\n<p>A possibilidade de aprova\u00e7\u00e3o na C\u00e2mara dos Deputados do projeto do ent\u00e3o senador Jos\u00e9 Serra que retira da Petrobras a obrigatoriedade de ser operadora \u00fanica dos campos do pr\u00e9-sal constituir\u00e1, segundo o secret\u00e1rio-geral do IBP, &#8220;um sinal maravilhoso para atrair novos investidores e empresas para a nossa ind\u00fastria&#8221;. O IBP reivindica tamb\u00e9m que a pol\u00edtica de conte\u00fado local no setor de petr\u00f3leo e g\u00e1s seja mais realista, de modo a beneficiar a cadeia nacional de fornecedores de produtos e servi\u00e7os.<\/p>\n<p>A ind\u00fastria est\u00e1 concentrando agora sua aten\u00e7\u00e3o no an\u00fancio do pr\u00f3ximo plano de neg\u00f3cios da Petrobras, previsto para o final deste m\u00eas, que deixar\u00e1 claro o posicionamento da companhia daqui para a frente. A expectativa \u00e9 que a estatal vai investir menos nas \u00e1reas de refino, log\u00edstica e distribui\u00e7\u00e3o de g\u00e1s e se concentrar mais na parte de gera\u00e7\u00e3o. &#8220;Se for feito dessa forma, vai gerar uma s\u00e9rie de oportunidades&#8221;. A ind\u00fastria aguarda ainda o an\u00fancio de diversas medidas do governo para retomada do setor. &#8220;O clima \u00e9 de confian\u00e7a&#8221;.<\/p>\n<p>Costa Filho aposta no potencial de recupera\u00e7\u00e3o n\u00e3o s\u00f3 da Petrobras, mas da ind\u00fastria de petr\u00f3leo e g\u00e1s como um todo. Segundo dados do IBP, o Brasil \u00e9 o 13\u00ba maior produtor de petr\u00f3leo do mundo e o 5\u00ba maior mercado consumidor de derivados global, representando 3% de toda demanda mundial. A ind\u00fastria de petr\u00f3leo e g\u00e1s \u00e9 respons\u00e1vel, tamb\u00e9m, pela gera\u00e7\u00e3o de 10% do PIB (Produto Interno Bruto) brasileiro e por 30% do PIB do estado do Rio de Janeiro. &#8220;Tem oportunidades imensas aqui. Os empres\u00e1rios est\u00e3o aguardando decis\u00f5es para ver se direcionam seus investimentos no Brasil, ou n\u00e3o&#8221;.<\/p>\n<p>Fonte: Valor Economico<\/p>\n","protected":false},"excerpt":{"rendered":"<p>Novas reuni\u00f5es com membros do governo interino de Michel Temer ampliaram o clima de confian\u00e7a e a sensa\u00e7\u00e3o do setor de petr\u00f3leo e g\u00e1s de&#8230;<\/p>\n","protected":false},"author":1182,"featured_media":17857,"comment_status":"closed","ping_status":"closed","sticky":false,"template":"","format":"standard","meta":{"footnotes":""},"categories":[6],"tags":[],"class_list":["post-20242","post","type-post","status-publish","format-standard","has-post-thumbnail","hentry","category-noticias"],"_links":{"self":[{"href":"https:\/\/www.sincomam.org.br\/index.php\/wp-json\/wp\/v2\/posts\/20242","targetHints":{"allow":["GET"]}}],"collection":[{"href":"https:\/\/www.sincomam.org.br\/index.php\/wp-json\/wp\/v2\/posts"}],"about":[{"href":"https:\/\/www.sincomam.org.br\/index.php\/wp-json\/wp\/v2\/types\/post"}],"author":[{"embeddable":true,"href":"https:\/\/www.sincomam.org.br\/index.php\/wp-json\/wp\/v2\/users\/1182"}],"replies":[{"embeddable":true,"href":"https:\/\/www.sincomam.org.br\/index.php\/wp-json\/wp\/v2\/comments?post=20242"}],"version-history":[{"count":1,"href":"https:\/\/www.sincomam.org.br\/index.php\/wp-json\/wp\/v2\/posts\/20242\/revisions"}],"predecessor-version":[{"id":20243,"href":"https:\/\/www.sincomam.org.br\/index.php\/wp-json\/wp\/v2\/posts\/20242\/revisions\/20243"}],"wp:featuredmedia":[{"embeddable":true,"href":"https:\/\/www.sincomam.org.br\/index.php\/wp-json\/wp\/v2\/media\/17857"}],"wp:attachment":[{"href":"https:\/\/www.sincomam.org.br\/index.php\/wp-json\/wp\/v2\/media?parent=20242"}],"wp:term":[{"taxonomy":"category","embeddable":true,"href":"https:\/\/www.sincomam.org.br\/index.php\/wp-json\/wp\/v2\/categories?post=20242"},{"taxonomy":"post_tag","embeddable":true,"href":"https:\/\/www.sincomam.org.br\/index.php\/wp-json\/wp\/v2\/tags?post=20242"}],"curies":[{"name":"wp","href":"https:\/\/api.w.org\/{rel}","templated":true}]}}