{"id":20240,"date":"2016-07-21T00:30:10","date_gmt":"2016-07-21T03:30:10","guid":{"rendered":"http:\/\/sincomam.org.br\/?p=20240"},"modified":"2016-07-20T19:58:20","modified_gmt":"2016-07-20T22:58:20","slug":"pf-prende-empresarios-e-indicia-13-por-desvio-de-combustivel-de-navios-no-porto-de-santos","status":"publish","type":"post","link":"https:\/\/www.sincomam.org.br\/index.php\/pf-prende-empresarios-e-indicia-13-por-desvio-de-combustivel-de-navios-no-porto-de-santos\/","title":{"rendered":"PF prende empres\u00e1rios e indicia 13 por desvio de combust\u00edvel de navios no Porto de Santos"},"content":{"rendered":"<p>A Opera\u00e7\u00e3o Mar Negro, deflagrada pela Pol\u00edcia Federal prendeu um empres\u00e1rio e indiciou 13 pessoas envolvidas no esquema criminoso de desvio de \u00f3leo combust\u00edvel de navios atracados no Porto de Santos. At\u00e9 agora, de acordo com a PF, 80 toneladas do combust\u00edvel j\u00e1 foram desviadas pelo bando. Um segundo empres\u00e1rio foi preso por volta das 16 horas.<\/p>\n<p>Ambos os detidos s\u00e3o de Santos. J\u00e1 em rela\u00e7\u00e3o aos 12 mandados de busca e apreens\u00e3o, 10 eram de Santos. Eles foram cumpridos em resid\u00eancias e nas empresas dos suspeitos de envolvimento no esquema. Os outros dois foram cumpridos em Itaja\u00ed (SC), onde uma dessas empresas tem sede. Todas elas s\u00e3o credenciadas pela Codesp para fazer a retirada do \u00f3leo dos navios.<\/p>\n<p>Em entrevista coletiva nesta ter\u00e7a-feira (19), o delegado chefe da PF, J\u00falio C\u00e9sar Baida, e o delegado do N\u00facleo de Pol\u00edcia Mar\u00edtima, Ciro Tadeu, explicaram que os envolvidos faziam a coleta de combust\u00edvel sujo, formado por res\u00edduos oleosos do navio, e desviavam esse material com o objetivo de vender no mercado nacional.<\/p>\n<p>Al\u00e9m das pris\u00f5es, outras 13 pessoas foram indiciadas, das quais duas s\u00e3o tripulantes, atuando como chefes das m\u00e1quina dos navios, respons\u00e1veis pela regulagem do combust\u00edvel. Um \u00e9 b\u00falgaro e o outro, chin\u00eas. Os tripulantes conseguiam fazer com que nem todo o combust\u00edvel fosse queimado e desviavam o material.<\/p>\n<p>Os indicados foram enquadrados nos crimes de contrabando e forma\u00e7\u00e3o de quadrilha.<\/p>\n<p>Fonte: A TRIBUNA<\/p>\n","protected":false},"excerpt":{"rendered":"<p>A Opera\u00e7\u00e3o Mar Negro, deflagrada pela Pol\u00edcia Federal prendeu um empres\u00e1rio e indiciou 13 pessoas envolvidas no esquema criminoso de desvio de \u00f3leo combust\u00edvel de&#8230;<\/p>\n","protected":false},"author":1182,"featured_media":19106,"comment_status":"closed","ping_status":"closed","sticky":false,"template":"","format":"standard","meta":{"footnotes":""},"categories":[6],"tags":[],"class_list":["post-20240","post","type-post","status-publish","format-standard","has-post-thumbnail","hentry","category-noticias"],"_links":{"self":[{"href":"https:\/\/www.sincomam.org.br\/index.php\/wp-json\/wp\/v2\/posts\/20240","targetHints":{"allow":["GET"]}}],"collection":[{"href":"https:\/\/www.sincomam.org.br\/index.php\/wp-json\/wp\/v2\/posts"}],"about":[{"href":"https:\/\/www.sincomam.org.br\/index.php\/wp-json\/wp\/v2\/types\/post"}],"author":[{"embeddable":true,"href":"https:\/\/www.sincomam.org.br\/index.php\/wp-json\/wp\/v2\/users\/1182"}],"replies":[{"embeddable":true,"href":"https:\/\/www.sincomam.org.br\/index.php\/wp-json\/wp\/v2\/comments?post=20240"}],"version-history":[{"count":1,"href":"https:\/\/www.sincomam.org.br\/index.php\/wp-json\/wp\/v2\/posts\/20240\/revisions"}],"predecessor-version":[{"id":20241,"href":"https:\/\/www.sincomam.org.br\/index.php\/wp-json\/wp\/v2\/posts\/20240\/revisions\/20241"}],"wp:featuredmedia":[{"embeddable":true,"href":"https:\/\/www.sincomam.org.br\/index.php\/wp-json\/wp\/v2\/media\/19106"}],"wp:attachment":[{"href":"https:\/\/www.sincomam.org.br\/index.php\/wp-json\/wp\/v2\/media?parent=20240"}],"wp:term":[{"taxonomy":"category","embeddable":true,"href":"https:\/\/www.sincomam.org.br\/index.php\/wp-json\/wp\/v2\/categories?post=20240"},{"taxonomy":"post_tag","embeddable":true,"href":"https:\/\/www.sincomam.org.br\/index.php\/wp-json\/wp\/v2\/tags?post=20240"}],"curies":[{"name":"wp","href":"https:\/\/api.w.org\/{rel}","templated":true}]}}