{"id":20232,"date":"2016-07-21T00:10:19","date_gmt":"2016-07-21T03:10:19","guid":{"rendered":"http:\/\/sincomam.org.br\/?p=20232"},"modified":"2016-07-20T19:16:50","modified_gmt":"2016-07-20T22:16:50","slug":"petrobras-anuncia-venda-de-campos-de-petroleo-em-sergipe","status":"publish","type":"post","link":"https:\/\/www.sincomam.org.br\/index.php\/petrobras-anuncia-venda-de-campos-de-petroleo-em-sergipe\/","title":{"rendered":"Petrobras anuncia venda de campos de petr\u00f3leo em Sergipe"},"content":{"rendered":"<p>A Petrobras iniciou um processo de cess\u00e3o dos direitos de explora\u00e7\u00e3o, desenvolvimento e produ\u00e7\u00e3o de petr\u00f3leo e g\u00e1s natural de um conjunto de campos em \u00e1guas rasas, localizados nos estados do Cear\u00e1 e de Sergipe.<\/p>\n<p>Est\u00e3o sendo oferecidas nove concess\u00f5es. Segundo a Petrobras, a produ\u00e7\u00e3o m\u00e9dia de 2015 foi de 13 mil barris di\u00e1rios de \u00f3leo equivalente, o que corresponde a 0,5% da produ\u00e7\u00e3o total da companhia.<\/p>\n<p>A Petrobras informa que os campos foram agrupados em polos de produ\u00e7\u00e3o, com instala\u00e7\u00f5es integradas, de forma a proporcionar aos novos concession\u00e1rios plenas condi\u00e7\u00f5es de opera\u00e7\u00e3o.<\/p>\n<p>Em Sergipe, s\u00e3o as plataformas Caioba, Camorim, Dourado, Guaricema e Tatu. E no Cear\u00e1 Curim\u00e3, Espada, Atum e Xar\u00e9u.<\/p>\n<p>A venda ser\u00e1 realizada por meio de processo competitivo e a Petrobras avaliar\u00e1 os termos e condi\u00e7\u00f5es das propostas que venham a ser recebidas.<\/p>\n<p>A estatal ressalta que a venda desses ativos faz parte da estrat\u00e9gia de desinvestimento da Petrobras, cujos objetivos e metas est\u00e3o definidos no Plano de Neg\u00f3cios e Gest\u00e3o 2015-2019.<\/p>\n<p>O Sindicato Unificado dos Trabalhadores Petroleiros, Petroqu\u00edmicos, Qu\u00edmicos e Pl\u00e1sticos nos Estados de Alagoas e Sergipe (Sindipetro) informou que \u00e9 contra a privatiza\u00e7\u00e3o dos polos e pretende fazer uma mobiliza\u00e7\u00e3o para reverter a situa\u00e7\u00e3o.<\/p>\n<p>\u201cEnxergamos de forma negativa essa posi\u00e7\u00e3o. Provavelmente empresas estrangeiras ir\u00e3o comprar essas plataformas\u201d, afirma Toeta Chagas, componente da diretoria do Sindipetro.<\/p>\n<p>Fonte: Do G1<\/p>\n","protected":false},"excerpt":{"rendered":"<p>A Petrobras iniciou um processo de cess\u00e3o dos direitos de explora\u00e7\u00e3o, desenvolvimento e produ\u00e7\u00e3o de petr\u00f3leo e g\u00e1s natural de um conjunto de campos em&#8230;<\/p>\n","protected":false},"author":1182,"featured_media":17800,"comment_status":"closed","ping_status":"closed","sticky":false,"template":"","format":"standard","meta":{"footnotes":""},"categories":[6],"tags":[],"class_list":["post-20232","post","type-post","status-publish","format-standard","has-post-thumbnail","hentry","category-noticias"],"_links":{"self":[{"href":"https:\/\/www.sincomam.org.br\/index.php\/wp-json\/wp\/v2\/posts\/20232","targetHints":{"allow":["GET"]}}],"collection":[{"href":"https:\/\/www.sincomam.org.br\/index.php\/wp-json\/wp\/v2\/posts"}],"about":[{"href":"https:\/\/www.sincomam.org.br\/index.php\/wp-json\/wp\/v2\/types\/post"}],"author":[{"embeddable":true,"href":"https:\/\/www.sincomam.org.br\/index.php\/wp-json\/wp\/v2\/users\/1182"}],"replies":[{"embeddable":true,"href":"https:\/\/www.sincomam.org.br\/index.php\/wp-json\/wp\/v2\/comments?post=20232"}],"version-history":[{"count":1,"href":"https:\/\/www.sincomam.org.br\/index.php\/wp-json\/wp\/v2\/posts\/20232\/revisions"}],"predecessor-version":[{"id":20233,"href":"https:\/\/www.sincomam.org.br\/index.php\/wp-json\/wp\/v2\/posts\/20232\/revisions\/20233"}],"wp:featuredmedia":[{"embeddable":true,"href":"https:\/\/www.sincomam.org.br\/index.php\/wp-json\/wp\/v2\/media\/17800"}],"wp:attachment":[{"href":"https:\/\/www.sincomam.org.br\/index.php\/wp-json\/wp\/v2\/media?parent=20232"}],"wp:term":[{"taxonomy":"category","embeddable":true,"href":"https:\/\/www.sincomam.org.br\/index.php\/wp-json\/wp\/v2\/categories?post=20232"},{"taxonomy":"post_tag","embeddable":true,"href":"https:\/\/www.sincomam.org.br\/index.php\/wp-json\/wp\/v2\/tags?post=20232"}],"curies":[{"name":"wp","href":"https:\/\/api.w.org\/{rel}","templated":true}]}}