{"id":20230,"date":"2016-07-22T00:45:55","date_gmt":"2016-07-22T03:45:55","guid":{"rendered":"http:\/\/sincomam.org.br\/?p=20230"},"modified":"2016-07-22T09:22:41","modified_gmt":"2016-07-22T12:22:41","slug":"secretaria-dos-portos-concede-autonomia-para-suape","status":"publish","type":"post","link":"https:\/\/www.sincomam.org.br\/index.php\/secretaria-dos-portos-concede-autonomia-para-suape\/","title":{"rendered":"Secretaria dos Portos concede autonomia para Suape"},"content":{"rendered":"<p>O Minist\u00e9rio dos Transportes, Portos e Avia\u00e7\u00e3o Civil aprovou a complementa\u00e7\u00e3o do atual Plano de Desenvolvimento e Zoneamento (PDZ) do Complexo Industrial Portu\u00e1rio de Suape. Com a mudan\u00e7a, algumas \u00e1reas do Porto Organizado sob a gest\u00e3o da Secretaria Especial dos Portos passam a ser consideradas como n\u00e3o operacionais, fazendo com que a celebra\u00e7\u00e3o de contratos e instaura\u00e7\u00e3o de processos de licita\u00e7\u00e3o fiquem sob o comando de Suape.<\/p>\n<p>A novidade segue as diretrizes da Portaria n\u00ba 409, de 27 de novembro de 2014, da Secretaria de Portos da Presid\u00eancia da Rep\u00fablica, que regulamenta a explora\u00e7\u00e3o direta e indireta das \u00e1reas que n\u00e3o s\u00e3o diretamente afetadas pelas opera\u00e7\u00f5es portu\u00e1rias em portos organizados. Essa altera\u00e7\u00e3o concede a Suape autonomia na gest\u00e3o dos contratos das empresas j\u00e1 instaladas no Porto Organizado, como a Bahiana Distribuidora de G\u00e1s (Ultragas); a Bunge Margarina; a Copagaz Distribuidora de G\u00e1s; a Liquigas Distribuidora; a Minasg\u00e1s (SuperGasBrasil); a Termopernambuco e, a M&amp;G Pol\u00edmeros.<\/p>\n<p>\u201cO repasse antecipa o que est\u00e1vamos prevendo e almejando com a atualiza\u00e7\u00e3o do nosso PDZ. A partir do momento que o porto passa a ter autonomia sobre os contratos e licita\u00e7\u00f5es teremos mais agilidade nas concess\u00f5es para as empresas. Ganha o Complexo e ganha os investidores interessados em instalar suas plantas aqui\u201d, pontuou o presidente do Complexo Industrial Portu\u00e1rio de Suape, Thiago Nor\u00f5es.<\/p>\n<p>Outro avan\u00e7o nas negocia\u00e7\u00f5es dos contratos sob a ger\u00eancia da Secretaria Especial dos Portos foi publicado, na \u00faltima quinta-feira (14\/07), no Di\u00e1rio Oficial da Uni\u00e3o. O Minist\u00e9rio dos Transportes, Portos e Avia\u00e7\u00e3o aprovou, preliminarmente, o pedido de amplia\u00e7\u00e3o do contrato de arrendamento da empresa Pandenor Importa\u00e7\u00e3o e Exporta\u00e7\u00e3o. A demanda passar\u00e1 agora pela an\u00e1lise da Ag\u00eancia Nacional de Transportes Aquavi\u00e1rios (Antaq). Com a autoriza\u00e7\u00e3o, a companhia pretende investir na amplia\u00e7\u00e3o do seu parque de armazenamento de combust\u00edveis. Atualmente, a Pandenor tem capacidade de armazenar 62 mil m\u00b3 de gran\u00e9is l\u00edquidos. O crescimento das opera\u00e7\u00f5es da Refinaria Abreu e Lima, elencou o Porto de Suape na lideran\u00e7a nacional entre os portos p\u00fablicos que movimentam gran\u00e9is l\u00edquidos, o que vem motivando as empresas do setor e aportarem recursos para melhorar ainda mais a sua infraestrutura. O Porto de Suape possui, atualmente, capacidade total de tancagem de 731 mil m\u00b3 de gran\u00e9is l\u00edquidos.<\/p>\n","protected":false},"excerpt":{"rendered":"<p>O Minist\u00e9rio dos Transportes, Portos e Avia\u00e7\u00e3o Civil aprovou a complementa\u00e7\u00e3o do atual Plano de Desenvolvimento e Zoneamento (PDZ) do Complexo Industrial Portu\u00e1rio de Suape&#8230;.<\/p>\n","protected":false},"author":1182,"featured_media":18514,"comment_status":"closed","ping_status":"closed","sticky":false,"template":"","format":"standard","meta":{"footnotes":""},"categories":[6],"tags":[],"class_list":["post-20230","post","type-post","status-publish","format-standard","has-post-thumbnail","hentry","category-noticias"],"_links":{"self":[{"href":"https:\/\/www.sincomam.org.br\/index.php\/wp-json\/wp\/v2\/posts\/20230","targetHints":{"allow":["GET"]}}],"collection":[{"href":"https:\/\/www.sincomam.org.br\/index.php\/wp-json\/wp\/v2\/posts"}],"about":[{"href":"https:\/\/www.sincomam.org.br\/index.php\/wp-json\/wp\/v2\/types\/post"}],"author":[{"embeddable":true,"href":"https:\/\/www.sincomam.org.br\/index.php\/wp-json\/wp\/v2\/users\/1182"}],"replies":[{"embeddable":true,"href":"https:\/\/www.sincomam.org.br\/index.php\/wp-json\/wp\/v2\/comments?post=20230"}],"version-history":[{"count":1,"href":"https:\/\/www.sincomam.org.br\/index.php\/wp-json\/wp\/v2\/posts\/20230\/revisions"}],"predecessor-version":[{"id":20231,"href":"https:\/\/www.sincomam.org.br\/index.php\/wp-json\/wp\/v2\/posts\/20230\/revisions\/20231"}],"wp:featuredmedia":[{"embeddable":true,"href":"https:\/\/www.sincomam.org.br\/index.php\/wp-json\/wp\/v2\/media\/18514"}],"wp:attachment":[{"href":"https:\/\/www.sincomam.org.br\/index.php\/wp-json\/wp\/v2\/media?parent=20230"}],"wp:term":[{"taxonomy":"category","embeddable":true,"href":"https:\/\/www.sincomam.org.br\/index.php\/wp-json\/wp\/v2\/categories?post=20230"},{"taxonomy":"post_tag","embeddable":true,"href":"https:\/\/www.sincomam.org.br\/index.php\/wp-json\/wp\/v2\/tags?post=20230"}],"curies":[{"name":"wp","href":"https:\/\/api.w.org\/{rel}","templated":true}]}}