{"id":20228,"date":"2016-07-21T00:10:31","date_gmt":"2016-07-21T03:10:31","guid":{"rendered":"http:\/\/sincomam.org.br\/?p=20228"},"modified":"2016-07-20T19:08:39","modified_gmt":"2016-07-20T22:08:39","slug":"em-seu-1o-copom-nova-diretoria-do-bc-mantem-juros-em-1425-ao-ano","status":"publish","type":"post","link":"https:\/\/www.sincomam.org.br\/index.php\/em-seu-1o-copom-nova-diretoria-do-bc-mantem-juros-em-1425-ao-ano\/","title":{"rendered":"Em seu 1\u00ba Copom, nova diretoria do BC mant\u00e9m juros em 14,25% ao ano"},"content":{"rendered":"<p>O Comit\u00ea de Pol\u00edtica Monet\u00e1ria (Copom) do Banco Central se reuniu nesta quarta-feira (20) e decidiu manter, pela oitava vez seguida, os juros b\u00e1sicos da economia em 14,25% ao ano &#8211; o maior patamar em dez anos. A decis\u00e3o confirmou a expectativa dos analistas do mercado financeiro.<\/p>\n<p>A reuni\u00e3o foi a primeira comandada pelo novo presidente do BC, Ilan Goldfajn, que informou, no fim de junho, que buscar\u00e1 atingir a meta central de infla\u00e7\u00e3o de 4,5% em 2017\u00a0\u2013 o que pressup\u00f5e um atraso maior no processo de queda dos juros.<\/p>\n<p>A infla\u00e7\u00e3o corrente do pa\u00eds ainda est\u00e1 elevada. Em 12 meses at\u00e9 junho, o \u00edndice \u00a0somou 8,84%, distante do objetivo central de 4,5% para o pr\u00f3ximo ano. Economistas das institui\u00e7\u00f5es financeiras estimam que o processo de redu\u00e7\u00e3o dos juros b\u00e1sicos da economia come\u00e7ar\u00e1 mais para o fim deste ano.<\/p>\n<p>No m\u00eas passado, Goldfajn explicou que o BC e o governo est\u00e3o adotando medidas para permitir a queda na taxa de juros no Brasil, mas acrescentou que esse processo tem de ser levado adiante somente quando as condi\u00e7\u00f5es permitirem que ela ocorra de &#8220;forma respons\u00e1vel&#8221;, ou seja, de modo que a infla\u00e7\u00e3o atinja as metas fixadas pelo Conselho Monet\u00e1rio Nacional (CMN).<\/p>\n<p>Para 2016 e 2017, o CMN definiu uma meta central de infla\u00e7\u00e3o de 4,5% no ano e o Banco Central tem que calibrar a taxa de juros visando cumpr\u00ed-la. Mas h\u00e1 um limite de toler\u00e2ncia que permite que a meta n\u00e3o seja descumprida mesmo que o \u00cdndice Nacional de Pre\u00e7os ao Consumidor Amplo (IPCA), a infla\u00e7\u00e3o oficial do pa\u00eds, n\u00e3o atinja essa meta central.<\/p>\n<p>Para 2016, a toler\u00e2ncia \u00e9 de dois pontos percentuais acima do centro da meta. Portanto, se o IPCA ficar em at\u00e9 6,5% ao final deste ano, a meta n\u00e3o ter\u00e1 sido descumprida. Para 2017, esse teto \u00e9 de 6%.<\/p>\n<p><strong>Comunicado longo<\/strong><br \/>Ap\u00f3s a reuni\u00e3o do Copom, o BC divulgou um longo comunicado. Antes, esse an\u00fancio costumava se resumir a uma frase. A institui\u00e7\u00e3o informou que a proje\u00e7\u00e3o de infla\u00e7\u00e3o para 2017, com juros e c\u00e2mbio est\u00e1veis, indica converg\u00eancia para o patamar de 4,5%, mas, no cen\u00e1rio de mercado, que pressup\u00f5e queda dos juros nos pr\u00f3ximos meses, a expectativa para o IPCA ainda est\u00e1 por volta de 5,3% para o ano que vem.<\/p>\n<p>O Comit\u00ea informou ainda que identifica os seguintes riscos dom\u00e9sticos para a infla\u00e7\u00e3o: ela segue acima do esperado no curto prazo, em boa medida decorrente de pre\u00e7os de alimentos, pode se mostrar persistente; as incertezas quanto \u00e0 aprova\u00e7\u00e3o e implementa\u00e7\u00e3o dos ajustes necess\u00e1rios na economia permanecem; e um per\u00edodo prolongado com infla\u00e7\u00e3o alta e com expectativas acima da meta pode refor\u00e7ar mecanismos inerciais e retardar o processo de desinfla\u00e7\u00e3o.<\/p>\n<p>&#8220;Por outro lado, os ajustes na economia podem ser implementados de forma mais c\u00e9lere, permitindo ganhos de confian\u00e7a e reduzindo as expectativas de infla\u00e7\u00e3o; e o n\u00edvel de ociosidade na economia pode produzir desinfla\u00e7\u00e3o mais r\u00e1pida do que a refletida nas proje\u00e7\u00f5es do Copom&#8221;, acrescentou o BC.<\/p>\n<p>A alta da taxa de juros \u00e9 o principal mecanismo usado pelo BC para frear a infla\u00e7\u00e3o. Ao subir os juros ou mant\u00ea-los elevados, o BC encarece o cr\u00e9dito. O objetivo \u00e9 reduzir o consumo no pa\u00eds para conter a infla\u00e7\u00e3o que tem mostrado resist\u00eancia.<\/p>\n<p>Entretanto, os juros altos prejudicam a atividade economica e, consequentemente, inibem a gera\u00e7\u00e3o de empregos. Quando o Banco Central julga que a infla\u00e7\u00e3o est\u00e1 compat\u00edvel com as metas preestabelecidas, pode baixar os juros.<\/p>\n<p><strong>Cen\u00e1rio econ\u00f4mico<\/strong><br \/>A reuni\u00e3o do Copom aconteceu em um ambiente de forte recess\u00e3o na economia brasileira. Para este ano, a mais recente previs\u00e3o do mercado financeiro \u00e9 de um tombo de 3,3% no PIB, ap\u00f3s um recuo de 3,8% ano passado \u2013 o maior em 25 anos.<\/p>\n<p>Embora a queda recente do d\u00f3lar contribua para impedir uma escalada maior dos pre\u00e7os, a forte deteriora\u00e7\u00e3o das contas p\u00fablicas agem em sentido contr\u00e1rio. Para este ano, a previs\u00e3o \u00e9 de um d\u00e9ficit de R$ 170,5 bilh\u00f5es para as contas do governo e, para 2017, a previs\u00e3o \u00e9 de rombo de R$ 139 bilh\u00f5es<a href=\"http:\/\/g1.globo.com\/economia\/noticia\/2016\/07\/governo-propoe-meta-de-rombo-de-r-139-bilhoes-para-contas-em-2017.html\">.<\/a> D\u00e9ficits maiores implicam em mais gastos p\u00fablicos &#8211; que pressionam a infla\u00e7\u00e3o.<\/p>\n<p>Por conta disso, essa primeira reuni\u00e3o do Copom chefiada por Ilan Goldfajn foi precedida por ru\u00eddos dentro do governo. O presidente em exerc\u00edcio, Michel Temer, declarou na semana passada, em entrevista \u00e0 GloboNews, que tem pedido \u00e0 equipe econ\u00f4mica &#8220;sobre a possibilidade de reduzir os juros&#8221;.<\/p>\n<p>J\u00e1 nesta quarta-feira, o ministro chefe da Casa Civil, Eliseu Padilha, afirmou que o presidente em exerc\u00edcio via com &#8220;bons olhos&#8221; uma eventual redu\u00e7\u00e3o da taxa de juros\u00a0por parte do Banco Central. Depois de tudo isso, Michel Temer publicou, em seu p\u00e1gina pessoal no microblog Twitter, uma declara\u00e7\u00e3o na qual afirma que a autoridade monet\u00e1ria tem &#8220;plena autonomia&#8221; para definir o percentual.<\/p>\n<p>Para o economista Alexandre Schwartsman, ex-diretor do BC, \u00e9 &#8220;lament\u00e1vel&#8221; que o presidente da Rep\u00fablica tenha se juntado ao coro do setor produtivo e dos trabalhadores para pedir redu\u00e7\u00e3o dos juros. &#8220;Deixa o BC fazer o que precisa. Eu n\u00e3o sei onde \u00e9 que o presidente obteve seu doutorado em economia monet\u00e1ria, mas n\u00e3o foi onde eu estudei&#8221;, declarou ele.<\/p>\n<p>Durante sabatina no Senado Federal, Goldfajn declarou ser favor\u00e1vel \u00e0 autonomia do BC e \u00e0 fixa\u00e7\u00e3o, no futuro, de mandatos para presidente e diretoria. Sobre mandato para presidente e diretores do banco, Goldfajn disse que \u00e9 preciso ainda que o pa\u00eds tenha &#8220;maturidade&#8221; para que isso seja feito no futuro. Na vig\u00eancia de um mandato, diretores e presidente teriam per\u00edodo fixo de perman\u00eancia no cargo.<\/p>\n<p>O governo informou que vai propor ao Congresso uma &#8220;autonomia t\u00e9cnica&#8221; para o Banco Central. O projeto n\u00e3o deve prever mandatos fixos para presidente e diretores da institui\u00e7\u00e3o, mas deve garantir foro privilegiado no Supremo Tribunal Federal (STF) para toda a diretoria do BC.<\/p>\n<div class=\"entenda-o-caso componente_materia\" id=\"entenda_o_caso_407\"><strong>Novo Banco Central<\/strong><\/div>\n<p>Com o novo presidente e nova diretoria do BC, a reuni\u00e3o do Copom, colegiado que fixa os juros b\u00e1sicos da economia, trouxe algumas novidades neste m\u00eas.<\/p>\n<p>No segundo dia da reuni\u00e3o, quando \u00e9 definido o patamar da taxa Selic pela diretoria da institui\u00e7\u00e3o, o encontro passar\u00e1 a ter in\u00edcio \u00e0s 14h30 &#8211; como ocorreu nesta quarta-feira. Com isso, o resultado acaba sendo difulgado mais pr\u00f3ximo das 18h. Pelo formato anterior, a reuni\u00e3o come\u00e7ava perto das 17h e o resultado costumava sair por volta das 20h.<\/p>\n<p>Al\u00e9m disso, a nova diretoria permitiu, em seu primeiro Copom, que a reuni\u00e3o fosse fotografada e filmada logo no seu in\u00edcio, antes das delibera\u00e7\u00f5es mais importantes . E o resultado, ou seja, a defini\u00e7\u00e3o sobre a taxa de juros, passou a ser divulgado somente pela internet. Antes, a assessoria de imprensa do BC lia os comunicados sobre a taxa de juros.<\/p>\n<p><strong>Juros reais mais altos do mundo e poupan\u00e7a<\/strong><br \/>Com a decis\u00e3o desta quarta-feira, o Brasil permanece na lideran\u00e7a do ranking mundial de juros reais (descontada a infla\u00e7\u00e3o prevista para os pr\u00f3ximos 12 meses), com uma taxa de 8% ao ano. O ranking \u00e9 feito pelo MoneYou e pela Infinity Asset Management,<\/p>\n<p>Em segundo lugar aparece a R\u00fassia, com juros reais de 2,98% ao ano, seguida pela Indon\u00e9sia (2,38% ao ano) e pela China (2,30% ao ano). Na m\u00e9dia das 40 economias pesquisadas, a taxa est\u00e1 negativa em 1,5% ao ano.<\/p>\n<p>A decis\u00e3o do BC sobre a taxa de juros tamb\u00e9m influencia a rentabilidade da caderneta de poupan\u00e7a. C\u00e1lculos da Associa\u00e7\u00e3o Nacional dos Executivos de Finan\u00e7as, Administra\u00e7\u00e3o e Contabilidade (Anefac) apontam que, com os juros b\u00e1sicos atualmente em 14,25% ao ano, as aplica\u00e7\u00f5es em renda fixa, como os fundos de investimento, ganham mais atratividade e ganham da poupan\u00e7a na maioria das situa\u00e7\u00f5es.<\/p>\n<p>A poupan\u00e7a continua atrativa somente para fundos com taxas de administra\u00e7\u00e3o acima de 2,5% ao ano. Isso ocorre porque o rendimento dos fundos de renda fixa sobe junto com a Selic. J\u00e1 o rendimento das cadernetas, quando a taxa de juros est\u00e1 acima de 8,5% ao ano, como atualmente, est\u00e1 limitado em 6,17% ao ano mais a varia\u00e7\u00e3o da Taxa Referencial (TR).<\/p>\n<p>No primeiro semestre deste ano, por conta do baixo rendimento e do cen\u00e1rio de recess\u00e3o na economia brasileira, \u00a0as retiradas de recursos da caderneta de poupan\u00e7a superaram os dep\u00f3sitos em R$ 42,6 bilh\u00f5es<a href=\"http:\/\/g1.globo.com\/economia\/noticia\/2016\/07\/caderneta-de-poupanca-tem-fuga-recorde-de-recursos-no-1-semestre.html\">.<\/a> Foi a maior perda de recursos para este per\u00edodo desde o in\u00edcio da s\u00e9rie hist\u00f3rica, em 1995, ou seja, em 22 anos.<\/p>\n<p>Fonte: G1<\/p>\n","protected":false},"excerpt":{"rendered":"<p>O Comit\u00ea de Pol\u00edtica Monet\u00e1ria (Copom) do Banco Central se reuniu nesta quarta-feira (20) e decidiu manter, pela oitava vez seguida, os juros b\u00e1sicos da&#8230;<\/p>\n","protected":false},"author":1182,"featured_media":18713,"comment_status":"closed","ping_status":"closed","sticky":false,"template":"","format":"standard","meta":{"footnotes":""},"categories":[6],"tags":[],"class_list":["post-20228","post","type-post","status-publish","format-standard","has-post-thumbnail","hentry","category-noticias"],"_links":{"self":[{"href":"https:\/\/www.sincomam.org.br\/index.php\/wp-json\/wp\/v2\/posts\/20228","targetHints":{"allow":["GET"]}}],"collection":[{"href":"https:\/\/www.sincomam.org.br\/index.php\/wp-json\/wp\/v2\/posts"}],"about":[{"href":"https:\/\/www.sincomam.org.br\/index.php\/wp-json\/wp\/v2\/types\/post"}],"author":[{"embeddable":true,"href":"https:\/\/www.sincomam.org.br\/index.php\/wp-json\/wp\/v2\/users\/1182"}],"replies":[{"embeddable":true,"href":"https:\/\/www.sincomam.org.br\/index.php\/wp-json\/wp\/v2\/comments?post=20228"}],"version-history":[{"count":1,"href":"https:\/\/www.sincomam.org.br\/index.php\/wp-json\/wp\/v2\/posts\/20228\/revisions"}],"predecessor-version":[{"id":20229,"href":"https:\/\/www.sincomam.org.br\/index.php\/wp-json\/wp\/v2\/posts\/20228\/revisions\/20229"}],"wp:featuredmedia":[{"embeddable":true,"href":"https:\/\/www.sincomam.org.br\/index.php\/wp-json\/wp\/v2\/media\/18713"}],"wp:attachment":[{"href":"https:\/\/www.sincomam.org.br\/index.php\/wp-json\/wp\/v2\/media?parent=20228"}],"wp:term":[{"taxonomy":"category","embeddable":true,"href":"https:\/\/www.sincomam.org.br\/index.php\/wp-json\/wp\/v2\/categories?post=20228"},{"taxonomy":"post_tag","embeddable":true,"href":"https:\/\/www.sincomam.org.br\/index.php\/wp-json\/wp\/v2\/tags?post=20228"}],"curies":[{"name":"wp","href":"https:\/\/api.w.org\/{rel}","templated":true}]}}