{"id":20221,"date":"2016-07-20T11:21:00","date_gmt":"2016-07-20T14:21:00","guid":{"rendered":"http:\/\/sincomam.org.br\/?p=20221"},"modified":"2016-07-20T11:21:00","modified_gmt":"2016-07-20T14:21:00","slug":"apesar-de-melhora-cenario-na-al-continua-incerto-diz-fmi","status":"publish","type":"post","link":"https:\/\/www.sincomam.org.br\/index.php\/apesar-de-melhora-cenario-na-al-continua-incerto-diz-fmi\/","title":{"rendered":"Apesar de melhora, cen\u00e1rio na AL continua incerto, diz FMI"},"content":{"rendered":"<p>Depois de um come\u00e7o de ano complicado, as condi\u00e7\u00f5es na Am\u00e9rica Latina\u00a0melhoraram, mas o cen\u00e1rio para a regi\u00e3o permanece incerto, avalia o diretor para o departamento de Hemisf\u00e9rio Ocidental do Fundo Monet\u00e1rio Internacional (FMI), Alejandro Werner, nesta quarta-feira. 20, em um relat\u00f3rio.<\/p>\n<p>A sa\u00edda do Reino Unido da Uni\u00e3o Europeia, o Brexit, ter\u00e1 impacto direto reduzido na Am\u00e9rica Latina, pois as exporta\u00e7\u00f5es da regi\u00e3o para os brit\u00e2nicos s\u00e3o baixas, ao redor de 1% do total das vendas externas.<\/p>\n<p>Ainda assim, o Brexit pode ter consequ\u00eancias negativas na medida em que influencia o crescimento de v\u00e1rios pa\u00edses, ressalta Werner.<\/p>\n<p>Na ter\u00e7a-feira, 19, o FMI rebaixou novamente a previs\u00e3o de expans\u00e3o da economia mundial em 2016 e 2017 por causa do Brexit.<\/p>\n<p>Um menor crescimento do Produto Interno Bruto (PIB) mundial pode contaminar os pa\u00edses da Am\u00e9rica Latina pelo canal comercial e financeiro, ressalta o diretor do FMI.<\/p>\n<p>Ao mesmo tempo, a expectativa de que o Federal Reserve (<strong>Fed)<\/strong>, o banco central norte-americano) pode demorar mais tempo e ser mais gradual para subir os juros \u00e9 positiva para a regi\u00e3o, pois diminui as chances de alta dos custos de capta\u00e7\u00e3o para empresas e governos.<\/p>\n<p>Werner ressalta que os pre\u00e7os das commodities t\u00eam se recuperado desde fevereiro, o que \u00e9 positivo para a Am\u00e9rica Latina, mas as cota\u00e7\u00f5es devem permanecer em patamar baixo &#8220;pelo futuro previs\u00edvel&#8221;.<\/p>\n<p>Outro risco para a regi\u00e3o s\u00e3o as turbul\u00eancias no mercado financeiro mundial. &#8220;Os frequentes epis\u00f3dios de aumento da volatilidade, embora breves, s\u00e3o uma constante lembran\u00e7a de que as condi\u00e7\u00f5es favor\u00e1veis do mercado podem mudar da noite para o dia.&#8221;<\/p>\n<p>A volatilidade tamb\u00e9m pode exacerbar vulnerabilidades nas empresas, muitas com d\u00edvida alta, ressalta o diretor do FMI.<\/p>\n<p>A Am\u00e9rica Latina teve as proje\u00e7\u00f5es de PIB melhoradas pelo FMI. Em 2016, a contra\u00e7\u00e3o deve ficar em 0,41%, ante queda de 0,5% prevista no relat\u00f3rio de abril do Fundo. Em 2017, a regi\u00e3o deve voltar a crescer, expandindo 1,61%, ante alta de 1,5% do documento anterior.<\/p>\n<p>A Venezuela deve ficar com o pior desempenho, com contra\u00e7\u00e3o de 10%. A Argentina deve encolher 1,5%, por conta do impacto acima do previsto das medidas de ajuste econ\u00f4mico do novo governo. J\u00e1 entre os destaques de crescimento est\u00e3o Peru (+3,7%), Col\u00f4mbia (+2,5%).<\/p>\n","protected":false},"excerpt":{"rendered":"<p>Depois de um come\u00e7o de ano complicado, as condi\u00e7\u00f5es na Am\u00e9rica Latina\u00a0melhoraram, mas o cen\u00e1rio para a regi\u00e3o permanece incerto, avalia o diretor para o&#8230;<\/p>\n","protected":false},"author":1182,"featured_media":18334,"comment_status":"closed","ping_status":"closed","sticky":false,"template":"","format":"standard","meta":{"footnotes":""},"categories":[6],"tags":[],"class_list":["post-20221","post","type-post","status-publish","format-standard","has-post-thumbnail","hentry","category-noticias"],"_links":{"self":[{"href":"https:\/\/www.sincomam.org.br\/index.php\/wp-json\/wp\/v2\/posts\/20221","targetHints":{"allow":["GET"]}}],"collection":[{"href":"https:\/\/www.sincomam.org.br\/index.php\/wp-json\/wp\/v2\/posts"}],"about":[{"href":"https:\/\/www.sincomam.org.br\/index.php\/wp-json\/wp\/v2\/types\/post"}],"author":[{"embeddable":true,"href":"https:\/\/www.sincomam.org.br\/index.php\/wp-json\/wp\/v2\/users\/1182"}],"replies":[{"embeddable":true,"href":"https:\/\/www.sincomam.org.br\/index.php\/wp-json\/wp\/v2\/comments?post=20221"}],"version-history":[{"count":1,"href":"https:\/\/www.sincomam.org.br\/index.php\/wp-json\/wp\/v2\/posts\/20221\/revisions"}],"predecessor-version":[{"id":20222,"href":"https:\/\/www.sincomam.org.br\/index.php\/wp-json\/wp\/v2\/posts\/20221\/revisions\/20222"}],"wp:featuredmedia":[{"embeddable":true,"href":"https:\/\/www.sincomam.org.br\/index.php\/wp-json\/wp\/v2\/media\/18334"}],"wp:attachment":[{"href":"https:\/\/www.sincomam.org.br\/index.php\/wp-json\/wp\/v2\/media?parent=20221"}],"wp:term":[{"taxonomy":"category","embeddable":true,"href":"https:\/\/www.sincomam.org.br\/index.php\/wp-json\/wp\/v2\/categories?post=20221"},{"taxonomy":"post_tag","embeddable":true,"href":"https:\/\/www.sincomam.org.br\/index.php\/wp-json\/wp\/v2\/tags?post=20221"}],"curies":[{"name":"wp","href":"https:\/\/api.w.org\/{rel}","templated":true}]}}