{"id":20131,"date":"2016-07-13T00:10:16","date_gmt":"2016-07-13T03:10:16","guid":{"rendered":"http:\/\/www.sincomam.org.br\/?p=20131"},"modified":"2016-07-12T20:30:16","modified_gmt":"2016-07-12T23:30:16","slug":"senado-aprova-limite-de-gastos-para-assembleias-e-tces","status":"publish","type":"post","link":"https:\/\/www.sincomam.org.br\/index.php\/senado-aprova-limite-de-gastos-para-assembleias-e-tces\/","title":{"rendered":"Senado aprova limite de gastos para assembleias e TCEs"},"content":{"rendered":"<p>O plen\u00e1rio do\u00a0Senado\u00a0aprovou, nesta ter\u00e7a-feira, 12, a Proposta de Emenda \u00e0 Constitui\u00e7\u00e3o (PEC) que limita os gastos das Assembleias Legislativas e de Tribunais de Contas estaduais.<\/p>\n<p>Pelo novo modelo, os gastos do legislativo estadual n\u00e3o podem exceder a despesa realizada no ano anterior.\u00a0<\/p>\n<p>A proposta segue para a C\u00e2mara dos Deputados.<\/p>\n<p>De acordo com o projeto, os gastos ser\u00e3o congelados ao patamar de um ano, com a possibilidade de corre\u00e7\u00e3o posterior pelo \u00cdndice de Pre\u00e7os ao Consumidor Amplo (IPCA).\u00a0<\/p>\n<p>O repasse de recursos superior a esse limite, bem como a realiza\u00e7\u00e3o de despesa acima dele, passa a constituir crime de responsabilidade.\u00a0<\/p>\n<p>A norma vale tamb\u00e9m para a C\u00e2mara Legislativa do Distrito Federal e para os Tribunais de Contas dos Estados e do Distrito Federal.<\/p>\n<p>O autor da proposta, Jo\u00e3o Capiberibe (PSB-AP), argumenta que esses \u00f3rg\u00e3os apresentam custos elevados e crescentes, sem justificativa.\u00a0<\/p>\n<p>Em 2013, por exemplo, foram R$ 14,5 bilh\u00f5es, sendo R$ 9,4 bilh\u00f5es gastos pelas assembleias e R$ 5,1 bilh\u00f5es pelos tribunais.<\/p>\n<p>&#8220;Nos \u00faltimos 10 anos, houve um crescimento acima da infla\u00e7\u00e3o da ordem de 47%, e as fun\u00e7\u00f5es das assembleias e dos tribunais n\u00e3o mudaram. A fun\u00e7\u00e3o \u00e9 legislar e fiscalizar&#8221;, disse o senador.<\/p>\n<p>Para o relator da mat\u00e9ria, Acir Gurgacz (PDT-RO), a expans\u00e3o dos gastos dos Estados e do Distrito Federal com seus Legislativos e Tribunais \u00e9 preocupante.\u00a0<\/p>\n<p>&#8220;Esses gastos s\u00e3o elevados, conforme par\u00e2metros de compara\u00e7\u00e3o internacionais e federais&#8221;, disse. Na avalia\u00e7\u00e3o do l\u00edder do governo no Senado, Aloysio Nunes (PSDB-SP), o projeto &#8220;est\u00e1 em conson\u00e2ncia com a preocupa\u00e7\u00e3o do Executivo em estabelecer um limite, uma conten\u00e7\u00e3o \u00e0 escalada dos gastos p\u00fablicos&#8221;.<\/p>\n<p>Fonte: Exame<\/p>\n","protected":false},"excerpt":{"rendered":"<p>O plen\u00e1rio do\u00a0Senado\u00a0aprovou, nesta ter\u00e7a-feira, 12, a Proposta de Emenda \u00e0 Constitui\u00e7\u00e3o (PEC) que limita os gastos das Assembleias Legislativas e de Tribunais de Contas&#8230;<\/p>\n","protected":false},"author":1182,"featured_media":18713,"comment_status":"closed","ping_status":"closed","sticky":false,"template":"","format":"standard","meta":{"footnotes":""},"categories":[6],"tags":[],"class_list":["post-20131","post","type-post","status-publish","format-standard","has-post-thumbnail","hentry","category-noticias"],"_links":{"self":[{"href":"https:\/\/www.sincomam.org.br\/index.php\/wp-json\/wp\/v2\/posts\/20131","targetHints":{"allow":["GET"]}}],"collection":[{"href":"https:\/\/www.sincomam.org.br\/index.php\/wp-json\/wp\/v2\/posts"}],"about":[{"href":"https:\/\/www.sincomam.org.br\/index.php\/wp-json\/wp\/v2\/types\/post"}],"author":[{"embeddable":true,"href":"https:\/\/www.sincomam.org.br\/index.php\/wp-json\/wp\/v2\/users\/1182"}],"replies":[{"embeddable":true,"href":"https:\/\/www.sincomam.org.br\/index.php\/wp-json\/wp\/v2\/comments?post=20131"}],"version-history":[{"count":1,"href":"https:\/\/www.sincomam.org.br\/index.php\/wp-json\/wp\/v2\/posts\/20131\/revisions"}],"predecessor-version":[{"id":20132,"href":"https:\/\/www.sincomam.org.br\/index.php\/wp-json\/wp\/v2\/posts\/20131\/revisions\/20132"}],"wp:featuredmedia":[{"embeddable":true,"href":"https:\/\/www.sincomam.org.br\/index.php\/wp-json\/wp\/v2\/media\/18713"}],"wp:attachment":[{"href":"https:\/\/www.sincomam.org.br\/index.php\/wp-json\/wp\/v2\/media?parent=20131"}],"wp:term":[{"taxonomy":"category","embeddable":true,"href":"https:\/\/www.sincomam.org.br\/index.php\/wp-json\/wp\/v2\/categories?post=20131"},{"taxonomy":"post_tag","embeddable":true,"href":"https:\/\/www.sincomam.org.br\/index.php\/wp-json\/wp\/v2\/tags?post=20131"}],"curies":[{"name":"wp","href":"https:\/\/api.w.org\/{rel}","templated":true}]}}