{"id":20120,"date":"2016-07-13T08:46:05","date_gmt":"2016-07-13T11:46:05","guid":{"rendered":"http:\/\/www.sincomam.org.br\/?p=20120"},"modified":"2016-07-13T14:27:17","modified_gmt":"2016-07-13T17:27:17","slug":"dragagem-de-canal-do-porto-do-rio-grande-deve-comecar-neste-semestre","status":"publish","type":"post","link":"https:\/\/www.sincomam.org.br\/index.php\/dragagem-de-canal-do-porto-do-rio-grande-deve-comecar-neste-semestre\/","title":{"rendered":"Dragagem de canal do Porto do Rio Grande deve come\u00e7ar neste semestre"},"content":{"rendered":"<p>A Secretaria de Portos j\u00e1 obteve sinaliza\u00e7\u00e3o positiva do Minist\u00e9rio do Planejamento para a libera\u00e7\u00e3o dos recursos necess\u00e1rios \u00e0 dragagem do canal de acesso ao porto do Rio Grande ainda em 2016. A informa\u00e7\u00e3o foi repassada pelo diretor-superintendente do complexo portu\u00e1rio, Janir Branco, que participou de reuni\u00f5es na Secretaria de Portos, do Minist\u00e9rio dos Transportes, Portos e Avia\u00e7\u00e3o Civil. &#8220;Os t\u00e9cnicos da secretaria apresentaram as necessidades do porto e o que a dragagem representar\u00e1 para a balan\u00e7a comercial brasileira ao Minist\u00e9rio do Planejamento; e a tend\u00eancia \u00e9 que a obra tenha a ordem de in\u00edcio de servi\u00e7o publicada durante a primavera&#8221;, afirma o diretor-superintendente.<\/p>\n<p>O contrato de dragagem para readequa\u00e7\u00e3o da geometria do canal de acesso foi assinado em julho do ano passado. O cons\u00f3rcio que ir\u00e1 realizar o trabalho \u00e9 formado pelas empresas Jan de Nul do Brasil e Dragabr\u00e1s. A licita\u00e7\u00e3o foi feita pelo regime de RDC &#8211; Contrata\u00e7\u00e3o Integrada. O cons\u00f3rcio ofereceu cerca de R$ 368,6 milh\u00f5es.<\/p>\n<p>Ser\u00e3o removidos aproximadamente 18 milh\u00f5es de metros c\u00fabicos de sedimentos, mantendo a profundidade do canal interno em 16 metros e do canal externo em 18 metros. Com a manuten\u00e7\u00e3o, ser\u00e1 poss\u00edvel realizar os procedimentos necess\u00e1rios \u00e0 homologa\u00e7\u00e3o do novo calado do superporto, permitindo embarca\u00e7\u00f5es operarem com maior quantidade de cargas.<\/p>\n<p>Fonte: Jornal do Comercio<\/p>\n","protected":false},"excerpt":{"rendered":"<p>A Secretaria de Portos j\u00e1 obteve sinaliza\u00e7\u00e3o positiva do Minist\u00e9rio do Planejamento para a libera\u00e7\u00e3o dos recursos necess\u00e1rios \u00e0 dragagem do canal de acesso ao&#8230;<\/p>\n","protected":false},"author":1182,"featured_media":18045,"comment_status":"closed","ping_status":"closed","sticky":false,"template":"","format":"standard","meta":{"footnotes":""},"categories":[6],"tags":[],"class_list":["post-20120","post","type-post","status-publish","format-standard","has-post-thumbnail","hentry","category-noticias"],"_links":{"self":[{"href":"https:\/\/www.sincomam.org.br\/index.php\/wp-json\/wp\/v2\/posts\/20120","targetHints":{"allow":["GET"]}}],"collection":[{"href":"https:\/\/www.sincomam.org.br\/index.php\/wp-json\/wp\/v2\/posts"}],"about":[{"href":"https:\/\/www.sincomam.org.br\/index.php\/wp-json\/wp\/v2\/types\/post"}],"author":[{"embeddable":true,"href":"https:\/\/www.sincomam.org.br\/index.php\/wp-json\/wp\/v2\/users\/1182"}],"replies":[{"embeddable":true,"href":"https:\/\/www.sincomam.org.br\/index.php\/wp-json\/wp\/v2\/comments?post=20120"}],"version-history":[{"count":1,"href":"https:\/\/www.sincomam.org.br\/index.php\/wp-json\/wp\/v2\/posts\/20120\/revisions"}],"predecessor-version":[{"id":20121,"href":"https:\/\/www.sincomam.org.br\/index.php\/wp-json\/wp\/v2\/posts\/20120\/revisions\/20121"}],"wp:featuredmedia":[{"embeddable":true,"href":"https:\/\/www.sincomam.org.br\/index.php\/wp-json\/wp\/v2\/media\/18045"}],"wp:attachment":[{"href":"https:\/\/www.sincomam.org.br\/index.php\/wp-json\/wp\/v2\/media?parent=20120"}],"wp:term":[{"taxonomy":"category","embeddable":true,"href":"https:\/\/www.sincomam.org.br\/index.php\/wp-json\/wp\/v2\/categories?post=20120"},{"taxonomy":"post_tag","embeddable":true,"href":"https:\/\/www.sincomam.org.br\/index.php\/wp-json\/wp\/v2\/tags?post=20120"}],"curies":[{"name":"wp","href":"https:\/\/api.w.org\/{rel}","templated":true}]}}