{"id":20106,"date":"2016-07-07T08:29:58","date_gmt":"2016-07-07T11:29:58","guid":{"rendered":"http:\/\/www.sincomam.org.br\/?p=20106"},"modified":"2016-07-07T08:29:58","modified_gmt":"2016-07-07T11:29:58","slug":"porto-de-itajai-de-olho-nas-exportacoes-de-veiculos","status":"publish","type":"post","link":"https:\/\/www.sincomam.org.br\/index.php\/porto-de-itajai-de-olho-nas-exportacoes-de-veiculos\/","title":{"rendered":"Porto de Itaja\u00ed de olho nas exporta\u00e7\u00f5es de ve\u00edculos"},"content":{"rendered":"<p>O Porto de Itaja\u00ed quer voltar a figurar na rota das exporta\u00e7\u00f5es de ve\u00edculos. A superintend\u00eancia tem se reunido com executivos da BMW no Brasil para tentar transferir \u00e0 cidade as opera\u00e7\u00f5es da f\u00e1brica, que hoje utiliza o Porto de Paranagu\u00e1, no Paran\u00e1.<\/p>\n<p>Havia uma preocupa\u00e7\u00e3o da empresa em rela\u00e7\u00e3o aos estragos causados pelas enchentes em Itaja\u00ed e a possibilidade de inviabilizarem opera\u00e7\u00f5es. O porto entregou recentemente \u00e0 ind\u00fastria um dossi\u00ea sobre a estrutura e os resultados que os investimentos em dragagem trouxeram na enchente de 2011, quando, apesar do grande volume de chuvas, os alagamentos ficaram abaixo da m\u00e9dia. A expectativa \u00e9 que os dados oficiais ajudem na negocia\u00e7\u00e3o.<\/p>\n<p>Se firmado, o acordo pode trazer um novo f\u00f4lego ao porto, que perdeu metade das linhas \u2013 e das atraca\u00e7\u00f5es \u2013 no segundo semestre do ano passado.<\/p>\n<p>A opera\u00e7\u00e3o com ve\u00edculos \u00e9 conhecida como RoRo (roll on, roll off), quando a carga entra no navio sem o aux\u00edlio de outros equipamentos. Os carros s\u00e3o guiados para dentro da embarca\u00e7\u00e3o. Uma opera\u00e7\u00e3o considerada \u201climpa\u201d, por n\u00e3o demandar o transporte com caminh\u00f5es-cont\u00eaineres.<\/p>\n<p>Itaja\u00ed j\u00e1 operou esse tipo de carga h\u00e1 15 anos, quando o porto era usado para importa\u00e7\u00e3o de ve\u00edculos da Citr\u00f6en para o Brasil. Mas os carros deram lugar aos cont\u00eaineres.<\/p>\n<p>A APM Terminals, arrendat\u00e1ria que opera o terminal, informou apenas que j\u00e1 apresentou a janela de atraca\u00e7\u00f5es para a ind\u00fastria alem\u00e3.<\/p>\n<p>As certifica\u00e7\u00f5es de seguran\u00e7a da empresa, que faz parte da gigante Maersk, s\u00e3o ponto positivo na disputa pela carga. O fato de Itaja\u00ed n\u00e3o ter opera\u00e7\u00e3o de gr\u00e3os tamb\u00e9m, j\u00e1 em portos graneleiros o carro suja com mais facilidade.<\/p>\n<p>Com Paranagu\u00e1, o acordo \u00e9 de envio de 10 mil ve\u00edculos ao ano para o exterior.<\/p>\n<p>Fonte: Diario Catarinense<\/p>\n","protected":false},"excerpt":{"rendered":"<p>O Porto de Itaja\u00ed quer voltar a figurar na rota das exporta\u00e7\u00f5es de ve\u00edculos. A superintend\u00eancia tem se reunido com executivos da BMW no Brasil&#8230;<\/p>\n","protected":false},"author":1182,"featured_media":18377,"comment_status":"closed","ping_status":"closed","sticky":false,"template":"","format":"standard","meta":{"footnotes":""},"categories":[6],"tags":[],"class_list":["post-20106","post","type-post","status-publish","format-standard","has-post-thumbnail","hentry","category-noticias"],"_links":{"self":[{"href":"https:\/\/www.sincomam.org.br\/index.php\/wp-json\/wp\/v2\/posts\/20106","targetHints":{"allow":["GET"]}}],"collection":[{"href":"https:\/\/www.sincomam.org.br\/index.php\/wp-json\/wp\/v2\/posts"}],"about":[{"href":"https:\/\/www.sincomam.org.br\/index.php\/wp-json\/wp\/v2\/types\/post"}],"author":[{"embeddable":true,"href":"https:\/\/www.sincomam.org.br\/index.php\/wp-json\/wp\/v2\/users\/1182"}],"replies":[{"embeddable":true,"href":"https:\/\/www.sincomam.org.br\/index.php\/wp-json\/wp\/v2\/comments?post=20106"}],"version-history":[{"count":1,"href":"https:\/\/www.sincomam.org.br\/index.php\/wp-json\/wp\/v2\/posts\/20106\/revisions"}],"predecessor-version":[{"id":20107,"href":"https:\/\/www.sincomam.org.br\/index.php\/wp-json\/wp\/v2\/posts\/20106\/revisions\/20107"}],"wp:featuredmedia":[{"embeddable":true,"href":"https:\/\/www.sincomam.org.br\/index.php\/wp-json\/wp\/v2\/media\/18377"}],"wp:attachment":[{"href":"https:\/\/www.sincomam.org.br\/index.php\/wp-json\/wp\/v2\/media?parent=20106"}],"wp:term":[{"taxonomy":"category","embeddable":true,"href":"https:\/\/www.sincomam.org.br\/index.php\/wp-json\/wp\/v2\/categories?post=20106"},{"taxonomy":"post_tag","embeddable":true,"href":"https:\/\/www.sincomam.org.br\/index.php\/wp-json\/wp\/v2\/tags?post=20106"}],"curies":[{"name":"wp","href":"https:\/\/api.w.org\/{rel}","templated":true}]}}