{"id":20102,"date":"2016-07-07T08:27:02","date_gmt":"2016-07-07T11:27:02","guid":{"rendered":"http:\/\/www.sincomam.org.br\/?p=20102"},"modified":"2016-07-07T08:27:02","modified_gmt":"2016-07-07T11:27:02","slug":"temer-vai-subir-imposto-mas-rombo-deve-passar-de-r-150-bi","status":"publish","type":"post","link":"https:\/\/www.sincomam.org.br\/index.php\/temer-vai-subir-imposto-mas-rombo-deve-passar-de-r-150-bi\/","title":{"rendered":"Temer vai subir imposto, mas rombo deve passar de R$ 150 bi"},"content":{"rendered":"<div data-template-placeholder=\"content-placeholder\">\n<p>O presidente em exerc\u00edcio\u00a0Michel Temer\u00a0vai recorrer ao aumento de tributos para diminuir o rombo nas contas p\u00fablicas em 2017. Mesmo assim, a meta de d\u00e9ficit fiscal ser\u00e1 superior a R$ 150 bilh\u00f5es.<\/p>\n<p>Na noite desta quarta-feira, 6, ap\u00f3s reuni\u00e3o com Temer e a equipe econ\u00f4mica, o senador e relator da Lei de Diretrizes Or\u00e7ament\u00e1rias, Wellington Fagundes (PR-MT), informou que a previs\u00e3o de receitas ser\u00e1 elevada com o aumento da Cide (imposto sobre os combust\u00edveis) e recursos com concess\u00f5es e privatiza\u00e7\u00f5es.<\/p>\n<p>Tamb\u00e9m est\u00e3o em an\u00e1lise outros tributos que n\u00e3o dependam do Congresso. Segundo fontes, a eleva\u00e7\u00e3o da Cide, de R$ 0,10 para R$ 0,60, por exemplo, poderia resultar num refor\u00e7o de caixa anual de at\u00e9 R$ 15 bilh\u00f5es.<\/p>\n<p>Sem essas medidas adicionais, o d\u00e9ficit para 2017 poderia chegar a R$ 194 bilh\u00f5es, informou o presidente da Comiss\u00e3o Mista do Or\u00e7amento, o deputado Arthur de Lira (PP-AL).<\/p>\n<p>Fazenda, Planejamento, Banco Central e Receita ainda t\u00eam n\u00fameros diferentes e h\u00e1 como &#8220;arrefecer&#8221; o d\u00e9ficit do ano que vem, explicou Lira. &#8220;Falamos de impostos, privatiza\u00e7\u00f5es, concess\u00f5es, repatria\u00e7\u00e3o e da import\u00e2ncia tamb\u00e9m de a PEC do teto dos gastos ser aprovada.&#8221;<\/p>\n<p>O ministro da Fazenda, Henrique Meirelles, informou no encontro que o governo j\u00e1 recolheu R$ 8 bilh\u00f5es na repatria\u00e7\u00e3o de recursos.<\/p>\n<p>Segundo fontes, a proposta levada por Meirelles \u00e9 de uma de meta mais pr\u00f3xima de R$ 140 bilh\u00f5es a R$ 150 bilh\u00f5es. Mas a ala pol\u00edtica do governo, entre eles o senador Romero Juc\u00e1 (PMDB-RR), insistiu num valor mais elevado, em torno de R$ 160 bilh\u00f5es.<\/p>\n<p>O dia de discuss\u00f5es intensas fez, no meio da tarde, Temer quebrar o protocolo e ir ao gabinete do ministro da Casa Civil, Eliseu Padilha, para reuni\u00e3o com Meirelles. No ritual do poder, ministros \u00e9 que v\u00e3o ao presidente, e n\u00e3o o contr\u00e1rio.<\/p>\n<p>Sem superar o impasse, Temer pediu aos ministros da \u00e1rea econ\u00f4mica um n\u00famero fechado para a meta at\u00e9 o meio-dia de hoje. Sua inten\u00e7\u00e3o \u00e9 anunci\u00e1-la at\u00e9 o fim do dia.<\/p>\n<p>O presidente tamb\u00e9m encomendou medidas adicionais, principalmente relacionadas ao controle de gastos. &#8220;Ele n\u00e3o quer que o discurso de aumento de receitas fique focado apenas em impostos&#8221;, disse uma fonte.\u00a0<\/p>\n<p>Uma delas \u00e9 a revis\u00e3o do aux\u00edlio-doen\u00e7a, que foi anunciada no fim do m\u00eas pelo ministro interino do Planejamento, Dyogo Oliveira.\u00a0<\/p>\n<p>Fonte:\u00a0O Estado de S. Paulo.<\/p>\n<div><\/div>\n<\/div>\n","protected":false},"excerpt":{"rendered":"<p>O presidente em exerc\u00edcio\u00a0Michel Temer\u00a0vai recorrer ao aumento de tributos para diminuir o rombo nas contas p\u00fablicas em 2017. Mesmo assim, a meta de d\u00e9ficit&#8230;<\/p>\n","protected":false},"author":1182,"featured_media":19480,"comment_status":"closed","ping_status":"closed","sticky":false,"template":"","format":"standard","meta":{"footnotes":""},"categories":[6],"tags":[],"class_list":["post-20102","post","type-post","status-publish","format-standard","has-post-thumbnail","hentry","category-noticias"],"_links":{"self":[{"href":"https:\/\/www.sincomam.org.br\/index.php\/wp-json\/wp\/v2\/posts\/20102","targetHints":{"allow":["GET"]}}],"collection":[{"href":"https:\/\/www.sincomam.org.br\/index.php\/wp-json\/wp\/v2\/posts"}],"about":[{"href":"https:\/\/www.sincomam.org.br\/index.php\/wp-json\/wp\/v2\/types\/post"}],"author":[{"embeddable":true,"href":"https:\/\/www.sincomam.org.br\/index.php\/wp-json\/wp\/v2\/users\/1182"}],"replies":[{"embeddable":true,"href":"https:\/\/www.sincomam.org.br\/index.php\/wp-json\/wp\/v2\/comments?post=20102"}],"version-history":[{"count":1,"href":"https:\/\/www.sincomam.org.br\/index.php\/wp-json\/wp\/v2\/posts\/20102\/revisions"}],"predecessor-version":[{"id":20103,"href":"https:\/\/www.sincomam.org.br\/index.php\/wp-json\/wp\/v2\/posts\/20102\/revisions\/20103"}],"wp:featuredmedia":[{"embeddable":true,"href":"https:\/\/www.sincomam.org.br\/index.php\/wp-json\/wp\/v2\/media\/19480"}],"wp:attachment":[{"href":"https:\/\/www.sincomam.org.br\/index.php\/wp-json\/wp\/v2\/media?parent=20102"}],"wp:term":[{"taxonomy":"category","embeddable":true,"href":"https:\/\/www.sincomam.org.br\/index.php\/wp-json\/wp\/v2\/categories?post=20102"},{"taxonomy":"post_tag","embeddable":true,"href":"https:\/\/www.sincomam.org.br\/index.php\/wp-json\/wp\/v2\/tags?post=20102"}],"curies":[{"name":"wp","href":"https:\/\/api.w.org\/{rel}","templated":true}]}}