{"id":20098,"date":"2016-07-07T08:14:28","date_gmt":"2016-07-07T11:14:28","guid":{"rendered":"http:\/\/www.sincomam.org.br\/?p=20098"},"modified":"2016-07-07T08:14:28","modified_gmt":"2016-07-07T11:14:28","slug":"governo-reconhece-a-primeira-derrota-na-camara","status":"publish","type":"post","link":"https:\/\/www.sincomam.org.br\/index.php\/governo-reconhece-a-primeira-derrota-na-camara\/","title":{"rendered":"Governo reconhece a primeira derrota na C\u00e2mara"},"content":{"rendered":"<p>O presidente em exerc\u00edcio\u00a0Michel Temer\u00a0acusou nesta quarta-feira a sua primeira real derrota no Congresso, quando n\u00e3o conseguiu aprovar no plen\u00e1rio da C\u00e2mara a urg\u00eancia constitucional do projeto que trata da renegocia\u00e7\u00e3o das d\u00edvidas dos estados com a Uni\u00e3o.<\/p>\n<p>Inconformado com a desarticula\u00e7\u00e3o das lideran\u00e7as dos partidos da base aliada, que n\u00e3o estavam presentes em plen\u00e1rio na hora da vota\u00e7\u00e3o, ao ser informado da derrota, Temer telefonou para o l\u00edderes do governo na C\u00e2mara, Andr\u00e9 Moura (PSC-SE) e do PMDB, Baleia Rossi (SP) para entender o que aconteceu.\u00a0<\/p>\n<p>O maior problema foi que muitos deputados usaram esta rejei\u00e7\u00e3o \u00e0 aprova\u00e7\u00e3o da urg\u00eancia para se votar contra os governadores em seus estados, como foi o caso, por exemplo, do Maranh\u00e3o, Mato Grosso do Sul, Paran\u00e1 e Mato Grosso. O governo vai tentar votar de novo a urg\u00eancia na ter\u00e7a-feira.<\/p>\n<p>O governo constatou que mais de cem parlamentares, apesar de estarem no Congresso, n\u00e3o chegaram ao plen\u00e1rio para votar. Muitos deles eram do pr\u00f3prio PMDB, partido de Temer.\u00a0<\/p>\n<p>Nesta inesperada derrota no plen\u00e1rio da C\u00e2mara por apenas quatro votos, quando 253 deputados votaram a favor da urg\u00eancia constitucional do projeto que trata da renegocia\u00e7\u00e3o das d\u00edvidas dos Estados com a Uni\u00e3o e eram necess\u00e1rios 257 votos.<\/p>\n<p>Houve ainda deputados que afirmaram que n\u00e3o conheciam o texto e por isso n\u00e3o poderiam aprov\u00e1-lo.\u00a0<\/p>\n<p>O governo e as lideran\u00e7as ter\u00e3o um longo trabalho pela frente at\u00e9 a pr\u00f3xima ter\u00e7a-feira para reverter este clima negativo.<\/p>\n<p>De acordo com avalia\u00e7\u00e3o do Planalto, a irrita\u00e7\u00e3o de deputados, inclusive peemedebistas, contra seus governadores, acabou contaminando outros parlamentares.\u00a0<\/p>\n<p>No caso do Maranh\u00e3o, por exemplo, eles se posicionaram claramente contra Fl\u00e1vio Dino (PcdoB) que \u00e9 oposi\u00e7\u00e3o ao PMDB de Jos\u00e9 Sarney, no estado.\u00a0<\/p>\n<p>O mesmo caso de repetiu em rela\u00e7\u00e3o ao Paran\u00e1, onde o PMDB \u00e9 oposi\u00e7\u00e3o ao tucano Beto Richa, do PSDB, e votaram contra a renegocia\u00e7\u00e3o da d\u00edvida para n\u00e3o benefici\u00e1-lo.<\/p>\n<p>&#8220;Todos estes ingrediente descambaram para uma aus\u00eancia do plen\u00e1rio&#8221;, comentou um interlocutor do presidente, ao falar sobre o descontentamento de Temer. &#8220;Foi uma s\u00e9rie de erros&#8221;, emendou, ao citar, inclusive, a aus\u00eancia at\u00e9 de l\u00edderes do partido da base no plen\u00e1rio.<\/p>\n<p>Em rela\u00e7\u00e3o a outras pautas como o projeto de lei do pr\u00e9-sal, que os l\u00edderes da C\u00e2mara decidiram n\u00e3o votar nesta semana, em comiss\u00e3o especial, um interlocutor do Planalto disse que o assunto est\u00e1 sendo ainda negociado.\u00a0<\/p>\n<p>O governo minimizou, ainda, a falta de acordo das lideran\u00e7as partid\u00e1rias no Senado que aprovou um requerimento para adiar por pelo menos tr\u00eas dias a vota\u00e7\u00e3o do projeto que legaliza a explora\u00e7\u00e3o dos jogos de azar no Pa\u00eds, al\u00e9m do adiamento da vota\u00e7\u00e3o do projeto de resolu\u00e7\u00e3o que fixa o limite do endividamento da Uni\u00e3o.<\/p>\n<p><b>Corrup\u00e7\u00e3o<\/b><\/p>\n<p>O presidente em exerc\u00edcio n\u00e3o gostou tamb\u00e9m de ter sido colocado na conta do governo a decis\u00e3o de deputados de retirar a urg\u00eancia dos tr\u00eas projetos de combate \u00e0 corrup\u00e7\u00e3o que foram propostos pela presidente afastada Dilma Rousseff.\u00a0<\/p>\n<p>O governo lembrou que quem, na verdade, n\u00e3o tem interesse na aprova\u00e7\u00e3o destes projetos s\u00e3o in\u00fameros deputados e que eles estavam falando em nome pr\u00f3prio, mas colocando a contra no governo. S\u00f3 que, o governo, por sua vez, n\u00e3o pode brigar com a base aliada e, ent\u00e3o, vai ter de encontrar uma forma de negociar este tema.<\/p>\n<p>Fonte: Exame<\/p>\n","protected":false},"excerpt":{"rendered":"<p>O presidente em exerc\u00edcio\u00a0Michel Temer\u00a0acusou nesta quarta-feira a sua primeira real derrota no Congresso, quando n\u00e3o conseguiu aprovar no plen\u00e1rio da C\u00e2mara a urg\u00eancia constitucional&#8230;<\/p>\n","protected":false},"author":1182,"featured_media":18922,"comment_status":"closed","ping_status":"closed","sticky":false,"template":"","format":"standard","meta":{"footnotes":""},"categories":[6],"tags":[],"class_list":["post-20098","post","type-post","status-publish","format-standard","has-post-thumbnail","hentry","category-noticias"],"_links":{"self":[{"href":"https:\/\/www.sincomam.org.br\/index.php\/wp-json\/wp\/v2\/posts\/20098","targetHints":{"allow":["GET"]}}],"collection":[{"href":"https:\/\/www.sincomam.org.br\/index.php\/wp-json\/wp\/v2\/posts"}],"about":[{"href":"https:\/\/www.sincomam.org.br\/index.php\/wp-json\/wp\/v2\/types\/post"}],"author":[{"embeddable":true,"href":"https:\/\/www.sincomam.org.br\/index.php\/wp-json\/wp\/v2\/users\/1182"}],"replies":[{"embeddable":true,"href":"https:\/\/www.sincomam.org.br\/index.php\/wp-json\/wp\/v2\/comments?post=20098"}],"version-history":[{"count":1,"href":"https:\/\/www.sincomam.org.br\/index.php\/wp-json\/wp\/v2\/posts\/20098\/revisions"}],"predecessor-version":[{"id":20099,"href":"https:\/\/www.sincomam.org.br\/index.php\/wp-json\/wp\/v2\/posts\/20098\/revisions\/20099"}],"wp:featuredmedia":[{"embeddable":true,"href":"https:\/\/www.sincomam.org.br\/index.php\/wp-json\/wp\/v2\/media\/18922"}],"wp:attachment":[{"href":"https:\/\/www.sincomam.org.br\/index.php\/wp-json\/wp\/v2\/media?parent=20098"}],"wp:term":[{"taxonomy":"category","embeddable":true,"href":"https:\/\/www.sincomam.org.br\/index.php\/wp-json\/wp\/v2\/categories?post=20098"},{"taxonomy":"post_tag","embeddable":true,"href":"https:\/\/www.sincomam.org.br\/index.php\/wp-json\/wp\/v2\/tags?post=20098"}],"curies":[{"name":"wp","href":"https:\/\/api.w.org\/{rel}","templated":true}]}}