{"id":20081,"date":"2016-07-06T08:43:35","date_gmt":"2016-07-06T11:43:35","guid":{"rendered":"http:\/\/www.sincomam.org.br\/?p=20081"},"modified":"2016-07-06T08:43:35","modified_gmt":"2016-07-06T11:43:35","slug":"planos-terao-que-pagar-exames-de-zika-a-partir-de-hoje","status":"publish","type":"post","link":"https:\/\/www.sincomam.org.br\/index.php\/planos-terao-que-pagar-exames-de-zika-a-partir-de-hoje\/","title":{"rendered":"Planos ter\u00e3o que pagar exames de Zika a partir de hoje"},"content":{"rendered":"<p>A partir de hoje (6), os planos de sa\u00fade<b>\u00a0<\/b>ter\u00e3o que cobrir obrigatoriamente tr\u00eas exames de detec\u00e7\u00e3o do v\u00edrus Zika<b>\u00a0<\/b>para p\u00fablicos espec\u00edficos.\u00a0<\/p>\n<p>Os procedimentos dever\u00e3o ser disponibilizados para gestantes, beb\u00eas de m\u00e3es com diagn\u00f3stico de infec\u00e7\u00e3o pelo v\u00edrus, bem como aos rec\u00e9m-nascidos com malforma\u00e7\u00e3o cong\u00eanita sugestivas de infec\u00e7\u00e3o pelo Zika.<\/p>\n<p>A escolha desses grupos levou em conta o risco de beb\u00eas nascerem com microcefalia\u00a0devido \u00e0 infec\u00e7\u00e3o da gr\u00e1vida pelo v\u00edrus durante a gesta\u00e7\u00e3o.\u00a0<\/p>\n<p>A microcefalia \u00e9 uma malforma\u00e7\u00e3o irrevers\u00edvel que pode comprometer o desenvolvimento da crian\u00e7a em diversos aspectos e vir associada, por exemplo, \u00e0 surdez, a problemas de audi\u00e7\u00e3o e no cora\u00e7\u00e3o.<\/p>\n<p>A norma da Ag\u00eancia Nacional de Sa\u00fade Suplementar (ANS) estabelece que os planos t\u00eam que oferecer o PCR, indicado para a detec\u00e7\u00e3o do v\u00edrus nos primeiros dias da doen\u00e7a; o teste sorol\u00f3gico IgM, que identifica anticorpos na corrente sangu\u00ednea; e o IgG, para verificar se a pessoa teve contato com o Zika em algum momento da vida.<\/p>\n<p>Normalmente, a ANS rev\u00ea a cada dois anos o rol de procedimentos obrigat\u00f3rios a serem cobertos pelos planos de sa\u00fade. A \u00faltima revis\u00e3o come\u00e7ou a valer em janeiro deste ano.\u00a0<\/p>\n<p>Por\u00e9m, no caso do exame de diagn\u00f3stico do v\u00edrus Zika, a incorpora\u00e7\u00e3o dos testes laboratoriais ocorreu de forma extraordin\u00e1ria, segundo a ag\u00eancia reguladora, por se tratar de uma emerg\u00eancia em sa\u00fade p\u00fablica decretada pela Organiza\u00e7\u00e3o Mundial da Sa\u00fade.<\/p>\n<p>Os planos de sa\u00fade tiveram 30 dias para se adequar \u00e0 nova regra.<\/p>\n<p>Fonte: Exame<\/p>\n","protected":false},"excerpt":{"rendered":"<p>A partir de hoje (6), os planos de sa\u00fade\u00a0ter\u00e3o que cobrir obrigatoriamente tr\u00eas exames de detec\u00e7\u00e3o do v\u00edrus Zika\u00a0para p\u00fablicos espec\u00edficos.\u00a0 Os procedimentos dever\u00e3o ser&#8230;<\/p>\n","protected":false},"author":1182,"featured_media":19609,"comment_status":"closed","ping_status":"closed","sticky":false,"template":"","format":"standard","meta":{"footnotes":""},"categories":[6],"tags":[],"class_list":["post-20081","post","type-post","status-publish","format-standard","has-post-thumbnail","hentry","category-noticias"],"_links":{"self":[{"href":"https:\/\/www.sincomam.org.br\/index.php\/wp-json\/wp\/v2\/posts\/20081","targetHints":{"allow":["GET"]}}],"collection":[{"href":"https:\/\/www.sincomam.org.br\/index.php\/wp-json\/wp\/v2\/posts"}],"about":[{"href":"https:\/\/www.sincomam.org.br\/index.php\/wp-json\/wp\/v2\/types\/post"}],"author":[{"embeddable":true,"href":"https:\/\/www.sincomam.org.br\/index.php\/wp-json\/wp\/v2\/users\/1182"}],"replies":[{"embeddable":true,"href":"https:\/\/www.sincomam.org.br\/index.php\/wp-json\/wp\/v2\/comments?post=20081"}],"version-history":[{"count":1,"href":"https:\/\/www.sincomam.org.br\/index.php\/wp-json\/wp\/v2\/posts\/20081\/revisions"}],"predecessor-version":[{"id":20082,"href":"https:\/\/www.sincomam.org.br\/index.php\/wp-json\/wp\/v2\/posts\/20081\/revisions\/20082"}],"wp:featuredmedia":[{"embeddable":true,"href":"https:\/\/www.sincomam.org.br\/index.php\/wp-json\/wp\/v2\/media\/19609"}],"wp:attachment":[{"href":"https:\/\/www.sincomam.org.br\/index.php\/wp-json\/wp\/v2\/media?parent=20081"}],"wp:term":[{"taxonomy":"category","embeddable":true,"href":"https:\/\/www.sincomam.org.br\/index.php\/wp-json\/wp\/v2\/categories?post=20081"},{"taxonomy":"post_tag","embeddable":true,"href":"https:\/\/www.sincomam.org.br\/index.php\/wp-json\/wp\/v2\/tags?post=20081"}],"curies":[{"name":"wp","href":"https:\/\/api.w.org\/{rel}","templated":true}]}}