{"id":20070,"date":"2016-07-05T16:13:41","date_gmt":"2016-07-05T19:13:41","guid":{"rendered":"http:\/\/sincomam.org.br\/?p=20070"},"modified":"2016-07-05T16:13:41","modified_gmt":"2016-07-05T19:13:41","slug":"governo-considera-aumentar-ou-criar-impostos-diz-meirelles","status":"publish","type":"post","link":"https:\/\/www.sincomam.org.br\/index.php\/governo-considera-aumentar-ou-criar-impostos-diz-meirelles\/","title":{"rendered":"Governo considera aumentar ou criar impostos, diz Meirelles"},"content":{"rendered":"<div data-template-placeholder=\"content-placeholder\">\n<p>O ministro da Fazenda, Henrique Meirelles, informou hoje (5), ap\u00f3s reuni\u00e3o com o presidente interino Michel Temer, no Pal\u00e1cio do Planalto, que a meta fiscal estimada pelo governo para o ano que vem ser\u00e1 divulgada at\u00e9 quinta-feira (7).<\/p>\n<p>\u201cHoje n\u00e3o\u201d, respondeu Meirelles ao ser questionado por jornalistas sobre a aguardada divulga\u00e7\u00e3o da meta de 2017, que deve revelar se o governo interino pretende aumentar ou criar impostos\u00a0para reduzir o d\u00e9ficit. Ao sair da reuni\u00e3o com Temer, ele afirmou: \u201cCertamente devemos anunciar at\u00e9 quinta-feira os c\u00e1lculos todos\u201d.<\/p>\n<p>O Governo Central (Previd\u00eancia Social, Tesouro Nacional e Banco Central) fechou 2015 com o maior d\u00e9ficit prim\u00e1rio da hist\u00f3ria, de quase R$ 115 bilh\u00f5es, ou 1,94% do Produto Interno Bruto (PIB). Este ano, a equipe econ\u00f4mica da presidenta afastada Dilma Rousseff pretendia reduzir esse d\u00e9ficit para R$ 96 bilh\u00f5es.<\/p>\n<p>Em uma de suas primeiras medidas ao assumir a Presid\u00eancia, contudo, Michel Temer conseguiu a aprova\u00e7\u00e3o pelo Congresso de um d\u00e9ficit fiscal ainda maior, de R$ 170,5 bilh\u00f5es. A expectativa \u00e9 que no ano que vem o Brasil consiga reduzir esse n\u00famero.<\/p>\n<p>&#8220;Vamos divulgar a meta menor poss\u00edvel, por\u00e9m a realista e cr\u00edvel&#8221;, afirmou Meirelles. Ao ser questionado se o governo interino trabalha com a hip\u00f3tese de aumentar ou criar impostos, o ministro respondeu: &#8220;Estamos considerando&#8221;.<\/p>\n<p>Para o ministro da Casa Civil, Eliseu Padilha, repetir os R$ 170 bilh\u00f5es deste ano seria um sinal positivo o suficiente para o mercado, embora a equipe econ\u00f4mica defenda algo em torno de R$ 150 bilh\u00f5es.<\/p>\n<p>\u201cNo momento em que ela for calculada, ser\u00e1 anunciada\u201d, disse Meirelles, sem querer antecipar o valor. Ele negou desentendimentos internos. \u201cN\u00e3o ha uma diverg\u00eancia, o que existe foi simplesmente a manifesta\u00e7\u00e3o leg\u00edtima de uma opini\u00e3o do ministro Padilha sobre a meta.\u201d<\/p>\n<p>Michel Temer dar\u00e1 a palavra final sobre a cifra, que n\u00e3o \u00e9 consenso entre a equipe econ\u00f4mica do governo interino, com quem ele esteve reunido ontem (4). Nesta tarde, Temer tem reuni\u00e3o marcada com o deputado Arthur Lira (PP-AL), presidente da Comiss\u00e3o Mista do Or\u00e7amento (CMO).<\/p>\n<\/div>\n<p>Fonte: Exame<\/p>\n","protected":false},"excerpt":{"rendered":"<p>O ministro da Fazenda, Henrique Meirelles, informou hoje (5), ap\u00f3s reuni\u00e3o com o presidente interino Michel Temer, no Pal\u00e1cio do Planalto, que a meta fiscal&#8230;<\/p>\n","protected":false},"author":1182,"featured_media":19487,"comment_status":"closed","ping_status":"closed","sticky":false,"template":"","format":"standard","meta":{"footnotes":""},"categories":[6],"tags":[],"class_list":["post-20070","post","type-post","status-publish","format-standard","has-post-thumbnail","hentry","category-noticias"],"_links":{"self":[{"href":"https:\/\/www.sincomam.org.br\/index.php\/wp-json\/wp\/v2\/posts\/20070","targetHints":{"allow":["GET"]}}],"collection":[{"href":"https:\/\/www.sincomam.org.br\/index.php\/wp-json\/wp\/v2\/posts"}],"about":[{"href":"https:\/\/www.sincomam.org.br\/index.php\/wp-json\/wp\/v2\/types\/post"}],"author":[{"embeddable":true,"href":"https:\/\/www.sincomam.org.br\/index.php\/wp-json\/wp\/v2\/users\/1182"}],"replies":[{"embeddable":true,"href":"https:\/\/www.sincomam.org.br\/index.php\/wp-json\/wp\/v2\/comments?post=20070"}],"version-history":[{"count":1,"href":"https:\/\/www.sincomam.org.br\/index.php\/wp-json\/wp\/v2\/posts\/20070\/revisions"}],"predecessor-version":[{"id":20071,"href":"https:\/\/www.sincomam.org.br\/index.php\/wp-json\/wp\/v2\/posts\/20070\/revisions\/20071"}],"wp:featuredmedia":[{"embeddable":true,"href":"https:\/\/www.sincomam.org.br\/index.php\/wp-json\/wp\/v2\/media\/19487"}],"wp:attachment":[{"href":"https:\/\/www.sincomam.org.br\/index.php\/wp-json\/wp\/v2\/media?parent=20070"}],"wp:term":[{"taxonomy":"category","embeddable":true,"href":"https:\/\/www.sincomam.org.br\/index.php\/wp-json\/wp\/v2\/categories?post=20070"},{"taxonomy":"post_tag","embeddable":true,"href":"https:\/\/www.sincomam.org.br\/index.php\/wp-json\/wp\/v2\/tags?post=20070"}],"curies":[{"name":"wp","href":"https:\/\/api.w.org\/{rel}","templated":true}]}}