{"id":20047,"date":"2016-07-01T00:33:33","date_gmt":"2016-07-01T03:33:33","guid":{"rendered":"http:\/\/www.sincomam.org.br\/?p=20047"},"modified":"2016-07-01T11:33:44","modified_gmt":"2016-07-01T14:33:44","slug":"pf-prende-doleiro-ligado-a-cunha-e-mira-empresa-do-grupo-dono-da-jbs","status":"publish","type":"post","link":"https:\/\/www.sincomam.org.br\/index.php\/pf-prende-doleiro-ligado-a-cunha-e-mira-empresa-do-grupo-dono-da-jbs\/","title":{"rendered":"PF prende doleiro ligado a Cunha e mira empresa do grupo dono da JBS"},"content":{"rendered":"<p>A\u00a0Pol\u00edcia Federal\u00a0deflagrou na manh\u00e3 desta sexta-feira (1\u00ba) Opera\u00e7\u00e3o S\u00e9psis, uma nova etapa da Opera\u00e7\u00e3o Lava Jato. Um dos alvos \u00e9 o\u00a0 doleiro L\u00facio Funaro, preso em S\u00e3o Paulo. Segundo delatores da Lava Jato, ele \u00e9 ligado ao presidente afastado da C\u00e2mara, deputado Eduardo Cunha (PMDB-RJ).<\/p>\n<p>Os agentes tamb\u00e9m cumpriram mandado de busca e apreens\u00e3o na Eldorado, bra\u00e7o de celulose da J&amp;F Investimentos, grupo dono da JBS\u00a0e comandado pela fam\u00edla Batista. A JBS \u00e9 dona da Friboi.<\/p>\n<p>A casa de Joesley Batista, presidente do conselho de administra\u00e7\u00e3o da JBS e diretor-presidente da J&amp;F, tamb\u00e9m foi alvo de buscas.<\/p>\n<p>Outro alvo de busca e apreens\u00e3o da S\u00e9psis foi a casa do empres\u00e1rio Henrique Constantino.<\/p>\n<p>Os mandados desta etapa da opera\u00e7\u00e3o foram autorizados pelo ministro Teori Zavascki, relator da Lava Jato no\u00a0STF.<\/p>\n<p>Veja os principais alvos desta fase da Lava Jato:<br \/><strong>&#8211; L\u00facio\u00a0<\/strong><b>Funari<\/b>, doleiro que, segundo delatores, \u00e9 ligado a Eduardo Cunha<br \/><strong>&#8211; Joesley Batista<\/strong>, um dos s\u00f3cios do grupo J&amp;F<br \/><strong>&#8211; Eldorado<\/strong>, bra\u00e7o de celulose da J&amp;F Investimentos (a J&amp;F Investimento \u00e9 dona da JBS e \u00e9 de propriedade da fam\u00edla Batista)<br \/><strong>&#8211; Milton Lira<\/strong>, lobista<br \/><strong>&#8211; Cone Multimodal<\/strong>, empresa de infraestrutura industrial e log\u00edstica multimodal<br \/><strong>&#8211; Henrique Constantino<\/strong>, empres\u00e1rio<\/p>\n<div class=\"foto componente_materia midia-largura-300\">Tamb\u00e9m \u00e9 alvo da opera\u00e7\u00e3o o lobista Milton Lira. A pol\u00edcia fez busca e apreens\u00e3o na casa dele, em Bras\u00edlia.<\/div>\n<p>Outra dela\u00e7\u00e3o que baseou as a\u00e7\u00f5es desta sexta \u00e9 a de Nelson Mello, ex-diretor da Hypermarcas.<\/p>\n<p>At\u00e9 a \u00faltima atualiza\u00e7\u00e3o desta reportagem, o\u00a0<strong>G1<\/strong>\u00a0n\u00e3o tinha conseguido contato com a defesa de Lucio Bolonha Funaro.<\/p>\n<p>A JBS divulgou um comunicado aos acionistas no qual afirma que a companhia e seus executivos n\u00e3o s\u00e3o alvo da opera\u00e7\u00e3o da pol\u00edcia.<\/p>\n<p>&#8220;A JBS comunica a seus acionistas e ao mercado em geral que, em rela\u00e7\u00e3o \u00e0s not\u00edcias veiculadas na data de hoje pela imprensa, a Companhia, bem como seus executivos, n\u00e3o \u00e9 alvo e n\u00e3o est\u00e1 relacionada com a opera\u00e7\u00e3o da Pol\u00edcia Federal ocorrida na manh\u00e3 de hoje&#8221;, afirmou o comunicado.<\/p>\n<p>Em Pernambuco, o alvo das buscas foram a Cone Multimodal, que tem o FI-FGTS como um dos s\u00f3cios, e os im\u00f3veis dos empres\u00e1rios Marcos Jos\u00e9 Roberto Moura Dubeaux e de Marcos Roberto Bezerra de Melo Moura Dubeaux. Eles s\u00e3o pai e filho. O primeiro \u00e9 presidente da Moura Dubeux, que j\u00e1 foi s\u00f3cia da Cone. O segundo \u00e9 o presidente da Cone.<\/p>\n<p>Em nota, enviada tamb\u00e9m em nome dos dois empres\u00e1rios, a Cone S\/A informou que s\u00f3 vai se manifestar quando tiver conhecimento de todo o conte\u00fado da den\u00fancia e qu est\u00e1 \u00e0 disposi\u00e7\u00e3o das autoridades.<\/p>\n<p><strong>Mandados<\/strong><br \/>Ao todo foram cumpridos 19 mandados de busca e apreens\u00e3o e 1 de pris\u00e3o preventiva.<\/p>\n<p>No estado de S\u00e3o Paulo, al\u00e9m da pris\u00e3o, foram 12 buscas e apreens\u00f5es. No DF, foram 2 buscas e apreens\u00f5es, assim como no RJ. No Recife, foram 3 mandados de busca e apreens\u00e3o.<\/p>\n<p><strong>O que disseram os suspeitos<\/strong><br \/>Em nota , a Eldorado confirmou a busca e apreens\u00e3o nas depend\u00eancias da empresa em S\u00e3o Paulo e disse que desconhece os motivos da a\u00e7\u00e3o policial.<\/p>\n<p>&#8220;A Eldorado confirma que a Pol\u00edcia Federal realizou busca e apreens\u00e3o em suas depend\u00eancias em S\u00e3o Paulo na manh\u00e3 de hoje. A companhia desconhece as raz\u00f5es e o objetivo desta a\u00e7\u00e3o e prestou todas as informa\u00e7\u00f5es solicitadas. A Eldorado sempre atuou de forma transparente e todas as suas atividades s\u00e3o realizadas dentro da legalidade. A companhia se mant\u00e9m \u00e0 disposi\u00e7\u00e3o para prestar quaisquer esclarecimentos adicionais&#8221;, informou a empresa.<\/p>\n","protected":false},"excerpt":{"rendered":"<p>A\u00a0Pol\u00edcia Federal\u00a0deflagrou na manh\u00e3 desta sexta-feira (1\u00ba) Opera\u00e7\u00e3o S\u00e9psis, uma nova etapa da Opera\u00e7\u00e3o Lava Jato. Um dos alvos \u00e9 o\u00a0 doleiro L\u00facio Funaro, preso&#8230;<\/p>\n","protected":false},"author":1182,"featured_media":18467,"comment_status":"closed","ping_status":"closed","sticky":false,"template":"","format":"standard","meta":{"footnotes":""},"categories":[6],"tags":[],"class_list":["post-20047","post","type-post","status-publish","format-standard","has-post-thumbnail","hentry","category-noticias"],"_links":{"self":[{"href":"https:\/\/www.sincomam.org.br\/index.php\/wp-json\/wp\/v2\/posts\/20047","targetHints":{"allow":["GET"]}}],"collection":[{"href":"https:\/\/www.sincomam.org.br\/index.php\/wp-json\/wp\/v2\/posts"}],"about":[{"href":"https:\/\/www.sincomam.org.br\/index.php\/wp-json\/wp\/v2\/types\/post"}],"author":[{"embeddable":true,"href":"https:\/\/www.sincomam.org.br\/index.php\/wp-json\/wp\/v2\/users\/1182"}],"replies":[{"embeddable":true,"href":"https:\/\/www.sincomam.org.br\/index.php\/wp-json\/wp\/v2\/comments?post=20047"}],"version-history":[{"count":1,"href":"https:\/\/www.sincomam.org.br\/index.php\/wp-json\/wp\/v2\/posts\/20047\/revisions"}],"predecessor-version":[{"id":20048,"href":"https:\/\/www.sincomam.org.br\/index.php\/wp-json\/wp\/v2\/posts\/20047\/revisions\/20048"}],"wp:featuredmedia":[{"embeddable":true,"href":"https:\/\/www.sincomam.org.br\/index.php\/wp-json\/wp\/v2\/media\/18467"}],"wp:attachment":[{"href":"https:\/\/www.sincomam.org.br\/index.php\/wp-json\/wp\/v2\/media?parent=20047"}],"wp:term":[{"taxonomy":"category","embeddable":true,"href":"https:\/\/www.sincomam.org.br\/index.php\/wp-json\/wp\/v2\/categories?post=20047"},{"taxonomy":"post_tag","embeddable":true,"href":"https:\/\/www.sincomam.org.br\/index.php\/wp-json\/wp\/v2\/tags?post=20047"}],"curies":[{"name":"wp","href":"https:\/\/api.w.org\/{rel}","templated":true}]}}