{"id":20043,"date":"2016-07-01T11:28:33","date_gmt":"2016-07-01T14:28:33","guid":{"rendered":"http:\/\/www.sincomam.org.br\/?p=20043"},"modified":"2016-07-01T11:28:33","modified_gmt":"2016-07-01T14:28:33","slug":"empregos-no-setor-naval-ainda-incertos","status":"publish","type":"post","link":"https:\/\/www.sincomam.org.br\/index.php\/empregos-no-setor-naval-ainda-incertos\/","title":{"rendered":"Empregos no setor naval ainda incertos"},"content":{"rendered":"<p>Em Pernambuco, o setor naval est\u00e1 entre os segmentos que tiveram grande impacto sobre os n\u00fameros do desemprego. Do final de 2014 para c\u00e1, somente o Estaleiro Atl\u00e2ntico Sul (EAS), em Sua\u00adpe, encerrou mais de tr\u00eas mil vagas formais, a partir da perda de contratos com a Sete Brasil e com a Transpetro, que ontem confirmou o corte de sete encomendas do empreendimento. Por problemas semelhantes, o Vard Promar, tamb\u00e9m no Complexo Industrial Portu\u00e1rio, reduziu o seu quadro de dois mil para 1,4 mil desde o ano passado e pode encolher ainda mais.<\/p>\n<p>O Sindicato dos Metal\u00fargicos de Pernambuco (Sindmetal) diz que as demiss\u00f5es no Promar foram intensificadas depois que a Transpetro cancelou dois contratos para a constru\u00e7\u00e3o de navios gaseiros com a empresa, no valor de aproximadamente R$ 300 milh\u00f5es.<\/p>\n<p>O Vard Promar j\u00e1 entregou tr\u00eas gaseiros \u00e0 Transpetro e ainda teria mais cinco, dos quais dois foram cancelados. Agora, perante revis\u00e3o de contratos do Programa de Moderniza\u00e7\u00e3o e Expans\u00e3o da Frota (Promef), os trabalhadores do Promar se perguntam quais podem ser as novas implica\u00e7\u00f5es.<\/p>\n<p>\u201cO que sabemos \u00e9 que as demiss\u00f5es continuam ocorrendo, inclusive h\u00e1 rumores de mais 150 demiss\u00f5es ainda esta semana\u201d, comentou o presidente do Sindimetal-PE, Henrique Gomes. \u201cComo o cancelamento de encomendas do EAS foi menor do que o esperado (seriam 12 mas foram sete), ficamos na expectativa de uma revis\u00e3o dos cortes tamb\u00e9m em rela\u00e7\u00e3o ao Promar\u201d, acrescentou.<\/p>\n<p>A disputa entre Vard Promar e Transpetro j\u00e1 teria virado caso de justi\u00e7a, segundo fontes ligadas \u00e0 empresa. As partes n\u00e3o se posicionaram oficialmente sobre o assunto. Uma revis\u00e3o dos cancelamentos poderia para amenizar os problemas dos trabalhadores, que al\u00e9m do emprego incerto convivem com a precariedade dos ambientes de trabalho e a falta de pagamentos de rescis\u00f5es, sal\u00e1rios e benef\u00edcios. Nesta sexta, a entidade vai tentar um novo acordo com a companhia para abrandar essas quest\u00f5es. Caso n\u00e3o haja mudan\u00e7as, pretendemos levar \u00e0s den\u00fancias ao Minist\u00e9rio P\u00fablico do Trabalho\u201d, diz Gomes.<\/p>\n<p>Fonte:\u00a0Folha de Pernambuco<\/p>\n","protected":false},"excerpt":{"rendered":"<p>Em Pernambuco, o setor naval est\u00e1 entre os segmentos que tiveram grande impacto sobre os n\u00fameros do desemprego. Do final de 2014 para c\u00e1, somente&#8230;<\/p>\n","protected":false},"author":1182,"featured_media":19098,"comment_status":"closed","ping_status":"closed","sticky":false,"template":"","format":"standard","meta":{"footnotes":""},"categories":[6],"tags":[],"class_list":["post-20043","post","type-post","status-publish","format-standard","has-post-thumbnail","hentry","category-noticias"],"_links":{"self":[{"href":"https:\/\/www.sincomam.org.br\/index.php\/wp-json\/wp\/v2\/posts\/20043","targetHints":{"allow":["GET"]}}],"collection":[{"href":"https:\/\/www.sincomam.org.br\/index.php\/wp-json\/wp\/v2\/posts"}],"about":[{"href":"https:\/\/www.sincomam.org.br\/index.php\/wp-json\/wp\/v2\/types\/post"}],"author":[{"embeddable":true,"href":"https:\/\/www.sincomam.org.br\/index.php\/wp-json\/wp\/v2\/users\/1182"}],"replies":[{"embeddable":true,"href":"https:\/\/www.sincomam.org.br\/index.php\/wp-json\/wp\/v2\/comments?post=20043"}],"version-history":[{"count":1,"href":"https:\/\/www.sincomam.org.br\/index.php\/wp-json\/wp\/v2\/posts\/20043\/revisions"}],"predecessor-version":[{"id":20044,"href":"https:\/\/www.sincomam.org.br\/index.php\/wp-json\/wp\/v2\/posts\/20043\/revisions\/20044"}],"wp:featuredmedia":[{"embeddable":true,"href":"https:\/\/www.sincomam.org.br\/index.php\/wp-json\/wp\/v2\/media\/19098"}],"wp:attachment":[{"href":"https:\/\/www.sincomam.org.br\/index.php\/wp-json\/wp\/v2\/media?parent=20043"}],"wp:term":[{"taxonomy":"category","embeddable":true,"href":"https:\/\/www.sincomam.org.br\/index.php\/wp-json\/wp\/v2\/categories?post=20043"},{"taxonomy":"post_tag","embeddable":true,"href":"https:\/\/www.sincomam.org.br\/index.php\/wp-json\/wp\/v2\/tags?post=20043"}],"curies":[{"name":"wp","href":"https:\/\/api.w.org\/{rel}","templated":true}]}}