{"id":20023,"date":"2016-06-30T07:37:13","date_gmt":"2016-06-30T10:37:13","guid":{"rendered":"http:\/\/sincomam.org.br\/?p=20023"},"modified":"2016-06-30T07:37:24","modified_gmt":"2016-06-30T10:37:24","slug":"senado-aprova-reajuste-salarial-do-judiciario-e-do-mpf","status":"publish","type":"post","link":"https:\/\/www.sincomam.org.br\/index.php\/senado-aprova-reajuste-salarial-do-judiciario-e-do-mpf\/","title":{"rendered":"Senado aprova reajuste salarial do Judici\u00e1rio e do MPF"},"content":{"rendered":"<p>O Plen\u00e1rio do Senado\u00a0aprovou os projetos de lei que reajustam os sal\u00e1rios dos servidores\u00a0do Judici\u00e1rio e do Minist\u00e9rio P\u00fablico Federal.<\/p>\n<p>Os servidores do Poder Judici\u00e1rio Federal dever\u00e3o, pelo texto, receber um aumento total de 41% dividido em oito parcelas a serem pagas entre junho deste ano e julho de 2019.<\/p>\n<p>Al\u00e9m disso, a gratifica\u00e7\u00e3o judici\u00e1ria, hoje correspondente a 90% do vencimento b\u00e1sico, chegar\u00e1 gradualmente a 140%, em janeiro de 2019. O projeto prev\u00ea ainda reajustes para cargos em comiss\u00e3o de at\u00e9 25% e o pagamento de gratifica\u00e7\u00e3o por qualifica\u00e7\u00e3o para t\u00e9cnicos do Judici\u00e1rio que concluam cursos superiores.<\/p>\n<p>Os servidores do Minist\u00e9rio P\u00fablico ter\u00e3o aumento de 12% no vencimento b\u00e1sico de analistas e t\u00e9cnicos escalonado em oito parcelas semestrais at\u00e9 dezembro de 2019. Al\u00e9m disso, o texto aprovado hoje reajusta em 16% ou 25% dependendo do n\u00edvel dos valores dos cargos em comiss\u00e3o e cria tr\u00eas cargos: o de secret\u00e1rio-geral do Minist\u00e9rio P\u00fablico, o de secret\u00e1rio-geral do Conselho Nacional do Minist\u00e9rio P\u00fablico e o de chefe de gabinete do procurador-geral da Rep\u00fablica, com remunera\u00e7\u00e3o de R$ 15 mil mensais.<\/p>\n<p>Mais cedo, o ministro do Planejamento, Dyogo Oliveira, esteve na Comiss\u00e3o de Assuntos Econ\u00f4micos do Senado prestando esclarecimentos sobre os impactos or\u00e7ament\u00e1rios dos dois projetos. Segundo ele, o Or\u00e7amento Federal de 2016 prev\u00ea os reajustes, o que significa que h\u00e1 verba prevista para arcar com o gasto.<\/p>\n<p>A partir do pr\u00f3ximo ano, o impacto dos reajustes salariais sobre as contas p\u00fablicas ser\u00e1 mais expressivo. O reajuste do Judici\u00e1rio consumir\u00e1 R$ 4,77 bilh\u00f5es em 2017, R$ 6,54 bilh\u00f5es em 2018 e R$ 9,26 bilh\u00f5es em 2019, totalizando um gasto de R$ 22,26 bilh\u00f5es em quatro anos. Para o Minist\u00e9rio P\u00fablico, o efeito sobre as contas p\u00fablicas chegar\u00e1 a R$ 779,9 milh\u00f5es em 2017, R$ 1,03 bilh\u00e3o em 2018 e R$ 1,42 bilh\u00e3o em 2019, totalizando R$ 3,53 bilh\u00f5es.<\/p>\n<p>Os dois projetos seguem agora para san\u00e7\u00e3o do presidente da Rep\u00fablica em exerc\u00edcio, Michel Temer.<\/p>\n","protected":false},"excerpt":{"rendered":"<p>O Plen\u00e1rio do Senado\u00a0aprovou os projetos de lei que reajustam os sal\u00e1rios dos servidores\u00a0do Judici\u00e1rio e do Minist\u00e9rio P\u00fablico Federal. Os servidores do Poder Judici\u00e1rio&#8230;<\/p>\n","protected":false},"author":1182,"featured_media":19377,"comment_status":"closed","ping_status":"closed","sticky":false,"template":"","format":"standard","meta":{"footnotes":""},"categories":[6],"tags":[],"class_list":["post-20023","post","type-post","status-publish","format-standard","has-post-thumbnail","hentry","category-noticias"],"_links":{"self":[{"href":"https:\/\/www.sincomam.org.br\/index.php\/wp-json\/wp\/v2\/posts\/20023","targetHints":{"allow":["GET"]}}],"collection":[{"href":"https:\/\/www.sincomam.org.br\/index.php\/wp-json\/wp\/v2\/posts"}],"about":[{"href":"https:\/\/www.sincomam.org.br\/index.php\/wp-json\/wp\/v2\/types\/post"}],"author":[{"embeddable":true,"href":"https:\/\/www.sincomam.org.br\/index.php\/wp-json\/wp\/v2\/users\/1182"}],"replies":[{"embeddable":true,"href":"https:\/\/www.sincomam.org.br\/index.php\/wp-json\/wp\/v2\/comments?post=20023"}],"version-history":[{"count":2,"href":"https:\/\/www.sincomam.org.br\/index.php\/wp-json\/wp\/v2\/posts\/20023\/revisions"}],"predecessor-version":[{"id":20025,"href":"https:\/\/www.sincomam.org.br\/index.php\/wp-json\/wp\/v2\/posts\/20023\/revisions\/20025"}],"wp:featuredmedia":[{"embeddable":true,"href":"https:\/\/www.sincomam.org.br\/index.php\/wp-json\/wp\/v2\/media\/19377"}],"wp:attachment":[{"href":"https:\/\/www.sincomam.org.br\/index.php\/wp-json\/wp\/v2\/media?parent=20023"}],"wp:term":[{"taxonomy":"category","embeddable":true,"href":"https:\/\/www.sincomam.org.br\/index.php\/wp-json\/wp\/v2\/categories?post=20023"},{"taxonomy":"post_tag","embeddable":true,"href":"https:\/\/www.sincomam.org.br\/index.php\/wp-json\/wp\/v2\/tags?post=20023"}],"curies":[{"name":"wp","href":"https:\/\/api.w.org\/{rel}","templated":true}]}}