{"id":20000,"date":"2016-06-28T09:11:03","date_gmt":"2016-06-28T12:11:03","guid":{"rendered":"http:\/\/www.sincomam.org.br\/?p=20000"},"modified":"2016-06-28T09:11:03","modified_gmt":"2016-06-28T12:11:03","slug":"setor-pesqueiro-catarinense-sofre-com-falta-de-organizacao-forca-politica-e-capacidade-tecnica","status":"publish","type":"post","link":"https:\/\/www.sincomam.org.br\/index.php\/setor-pesqueiro-catarinense-sofre-com-falta-de-organizacao-forca-politica-e-capacidade-tecnica\/","title":{"rendered":"Setor pesqueiro catarinense sofre com falta de organiza\u00e7\u00e3o, for\u00e7a pol\u00edtica e capacidade t\u00e9cnica"},"content":{"rendered":"<p>O impasse na libera\u00e7\u00e3o de licen\u00e7as para a pesca da tainha em Santa Catarina escancara as dificuldades do setor e representa o \u00e1pice de uma crise que ganhou corpo h\u00e1 nove meses, mas que j\u00e1 se anunciava h\u00e1 anos. Desorientada pela extin\u00e7\u00e3o do Minist\u00e9rio da Pesca em outubro de 2015, a atividade pesqueira no Estado v\u00ea velhos fantasmas potencializando os problemas do presente: falta de representatividade pol\u00edtica, desorganiza\u00e7\u00e3o interna e incapacidade t\u00e9cnica do governo federal para tratar de quest\u00f5es espec\u00edficas da \u00e1rea. Soma-se ainda as consequ\u00eancias inevit\u00e1veis da Opera\u00e7\u00e3o Enredados, que no ano passado desarticulou uma suposta organiza\u00e7\u00e3o criminosa que atuava no minist\u00e9rio e no Ibama. \u00c9 consenso que as dificuldades t\u00eam afetado a pesca como um todo e que em Santa Catarina os danos s\u00e3o maiores justamente por ficar aqui o maior polo pesqueiro do pa\u00eds. S\u00e3o 200 mil toneladas de pescado por ano (a maior parte de Itaja\u00ed, Navegantes e Porto Belo) e a responsabilidade por cerca de 25% do total de pescado brasileiro, conforme os dados mais atualizados do governo federal.Pesca da tainha em \u00e1reas ilegais motivou proibi\u00e7\u00e3o das licen\u00e7as industriais\u2014<\/p>\n<p>Por o Estado ser o maior parque pesqueiro industrial nacional, o setor sofre de forma incontest\u00e1vel os efeitos que estes problemas est\u00e3o causando. O preju\u00edzo \u00e9 para o industrial, armadores, despachantes, servi\u00e7os de manuten\u00e7\u00e3o, constru\u00e7\u00e3o naval, entre outros ramos relacionados \u00e0 atividade pesqueira. Deixando de gerar empregos, alimentos saud\u00e1veis, renda e tributos, que hoje o pa\u00eds necessita \u2014 destaca o presidente do Sindicato dos Armadores e das Ind\u00fastrias de Pesca de Itaja\u00ed e regi\u00e3o (Sindipi), Jorge Neves. Autoridades, especialistas e lideran\u00e7as do setor concordam que situa\u00e7\u00f5es pontuais do Estado contribuem para o cen\u00e1rio ser mais cr\u00edtico aqui, mas todos apontam a falta de um organismo institucional bem organizado como pe\u00e7a-chave na busca por solu\u00e7\u00f5es. \u2014 A pesca tem um ambiente legal complexo a seguir. Funcionaria se o governo federal, que \u00e9 quem regulamenta a atividade, tivesse uma estrutura \u00e1gil para atender as demandas. Para fazer a burocracia ser positiva, ser parte da solu\u00e7\u00e3o e n\u00e3o do aumento do problema \u2014 avalia o secret\u00e1rio adjunto da Agricultura e Pesca de SC, Airton Spies. Armadores catarinenses v\u00e3o pedir licen\u00e7as de tainha na Justi\u00e7a<\/p>\n<p>Para o pesquisador Paulo Ricardo Schwingel, do Grupo de Estudos Pesqueiros da Univali (GEP), al\u00e9m de agilidade e estrutura, s\u00e3o urgentes o preparo e a capacita\u00e7\u00e3o de quem vai lidar com um assunto t\u00e3o cheio de peculiaridades:\u2014 Em uma produ\u00e7\u00e3o agr\u00edcola ou pecu\u00e1ria, se controlam todas as vari\u00e1veis: espa\u00e7o, alimenta\u00e7\u00e3o, vacina. Na pesca, necessita um tratamento com muita aten\u00e7\u00e3o porque a gente tem que esperar a natureza fazer tudo e ela pode mudar as condi\u00e7\u00f5es de um ano para o outro. Regi\u00e3o polo tem pouca representatividade pol\u00edtica Em 25 de junho de 2009, o ent\u00e3o presidente Lula assinou em Itaja\u00ed o decreto que criou o Minist\u00e9rio da Pesca. Podia-se imaginar que ali o setor vivia o \u00e1pice de for\u00e7a no cen\u00e1rio nacional e que SC ia refor\u00e7ar a imagem de refer\u00eancia brasileira com o primeiro ministro nomeado para a pasta.\u00a0<\/p>\n<p>Fonte: Di\u00e1rio Catarinense<\/p>\n","protected":false},"excerpt":{"rendered":"<p>O impasse na libera\u00e7\u00e3o de licen\u00e7as para a pesca da tainha em Santa Catarina escancara as dificuldades do setor e representa o \u00e1pice de uma&#8230;<\/p>\n","protected":false},"author":1182,"featured_media":17907,"comment_status":"closed","ping_status":"closed","sticky":false,"template":"","format":"standard","meta":{"footnotes":""},"categories":[6],"tags":[],"class_list":["post-20000","post","type-post","status-publish","format-standard","has-post-thumbnail","hentry","category-noticias"],"_links":{"self":[{"href":"https:\/\/www.sincomam.org.br\/index.php\/wp-json\/wp\/v2\/posts\/20000","targetHints":{"allow":["GET"]}}],"collection":[{"href":"https:\/\/www.sincomam.org.br\/index.php\/wp-json\/wp\/v2\/posts"}],"about":[{"href":"https:\/\/www.sincomam.org.br\/index.php\/wp-json\/wp\/v2\/types\/post"}],"author":[{"embeddable":true,"href":"https:\/\/www.sincomam.org.br\/index.php\/wp-json\/wp\/v2\/users\/1182"}],"replies":[{"embeddable":true,"href":"https:\/\/www.sincomam.org.br\/index.php\/wp-json\/wp\/v2\/comments?post=20000"}],"version-history":[{"count":1,"href":"https:\/\/www.sincomam.org.br\/index.php\/wp-json\/wp\/v2\/posts\/20000\/revisions"}],"predecessor-version":[{"id":20001,"href":"https:\/\/www.sincomam.org.br\/index.php\/wp-json\/wp\/v2\/posts\/20000\/revisions\/20001"}],"wp:featuredmedia":[{"embeddable":true,"href":"https:\/\/www.sincomam.org.br\/index.php\/wp-json\/wp\/v2\/media\/17907"}],"wp:attachment":[{"href":"https:\/\/www.sincomam.org.br\/index.php\/wp-json\/wp\/v2\/media?parent=20000"}],"wp:term":[{"taxonomy":"category","embeddable":true,"href":"https:\/\/www.sincomam.org.br\/index.php\/wp-json\/wp\/v2\/categories?post=20000"},{"taxonomy":"post_tag","embeddable":true,"href":"https:\/\/www.sincomam.org.br\/index.php\/wp-json\/wp\/v2\/tags?post=20000"}],"curies":[{"name":"wp","href":"https:\/\/api.w.org\/{rel}","templated":true}]}}